{"id":452589,"date":"2025-10-10T13:22:10","date_gmt":"2025-10-10T13:22:10","guid":{"rendered":"https:\/\/www.europesays.com\/fr\/452589\/"},"modified":"2025-10-10T13:22:10","modified_gmt":"2025-10-10T13:22:10","slug":"sans-marc-lavoine-adriana-karembeu-seclate-a-une-soiree-parisienne-avec-vitaa-massimo-gargia-et-un-chihuahua","status":"publish","type":"post","link":"https:\/\/www.europesays.com\/fr\/452589\/","title":{"rendered":"Sans Marc Lavoine, Adriana Karembeu s\u2019\u00e9clate \u00e0 une soir\u00e9e parisienne avec Vitaa, Massimo Gargia et un chihuahua"},"content":{"rendered":"<p>Adriana Karembeu adore les soir\u00e9es parisiennes. C\u2019est d\u2019ailleurs <a href=\"https:\/\/www.parismatch.com\/People\/adriana-karembeu-la-mise-au-point-de-son-ex-mari-andre-ohanian-sur-sa-presence-dans-la-vie-leur-fille-nina-257697\" rel=\"nofollow noopener\" target=\"_blank\">ce que lui reproche son ex-mari, Aram Ohanian<\/a>, p\u00e8re de sa fille Nina, avec qui elle vivait au Maroc, avant leur s\u00e9paration, apr\u00e8s la pand\u00e9mie de Covid-19. \u00ab\u00a0Mes affaires \u00e9taient \u00e0 l\u2019arr\u00eat, je d\u00e9primais. Adriana voulait sortir, voyager, vivre. Elle en avait besoin, je la comprends, mais on n\u2019\u00e9tait plus sur la m\u00eame longueur d\u2019onde. Elle a choisi Paris. Moi j\u2019ai choisi Nina\u00a0\u00bb, a-t-il r\u00e9cemment confi\u00e9 dans une interview accord\u00e9e \u00e0 \u00ab\u00a0VSD\u00a0\u00bb. S\u2019il est rest\u00e9 \u00e0 Marrakech, elle est rentr\u00e9e \u00e0 Paris. Et elle profite de la vie parisienne. Mercredi 8\u00a0octobre 2025, c\u2019est \u00e0 l\u2019h\u00f4tel Meurice, pour la soir\u00e9e de lancement du nouveau parfum Forbidden Whisper de la marque HFC Paris qu\u2019Adriana Karembeu s\u2019est rendue.<\/p>\n<p>Dans une combinaison en sequins noirs, ceintur\u00e9e d\u2019un n\u0153ud en tulle, Adriana Karembeu a fait sensation \u00e0 la soir\u00e9e avec une nouvelle coupe de cheveux\u00a0: un carr\u00e9 (tr\u00e8s) court, mettant en valeur son port de t\u00eate \u00e9l\u00e9gant. Au Meurice, le mannequin a retrouv\u00e9 la chanteuse Vitaa, en ensemble noir \u00e0 rayures blanches, le jet-setteur Massimo Gargia ou encore le danseur Brahim Zaibat, accompagn\u00e9 de son chihuahua, qu\u2019elle n\u2019a cess\u00e9 de c\u00e2liner\u2026 \u00e0 d\u00e9faut d\u2019avoir Marc Lavoine \u00e0 embrasser\u00a0!<\/p>\n<p>    La suite apr\u00e8s cette publicit\u00e9<\/p>\n<p>Adriana Karembeu et Marc Lavoine, l\u2019amour ouf<\/p>\n<p>Depuis que c\u2019est officiel, Adriana Karembeu et Marc Lavoine, en couple depuis un peu plus d\u2019un an maintenant, ne manquent pas une occasion d\u2019afficher leur amour. <a href=\"https:\/\/www.parismatch.com\/people\/marc-lavoine-trop-demonstratif-avec-adriana-karembeu-il-sen-excuse-je-suis-comme-un-enfant-244228\" rel=\"nofollow noopener\" target=\"_blank\">\u00c0 coups de baisers passionn\u00e9s<\/a>\u00a0et autres gestes d\u2019affection. \u00ab\u00a0C\u2019est vrai qu\u2019on aime s\u2019embrasser. Et puis je vais te dire un truc, c\u2019est peut-\u00eatre le dernier jour de ma vie. Donc, si je peux l\u2019embrasser avant de mourir, \u00e7a me va tr\u00e8s bien\u00a0\u00bb, expliquait Marc Lavoine dans une interview accord\u00e9e \u00e0 \u00ab\u00a0<a href=\"https:\/\/www.parismatch.com\/people\/marc-lavoine-raconte-sa-love-story-avec-adriana-jai-trouve-la-personne-quil-me-fallait-243702\" rel=\"nofollow noopener\" target=\"_blank\">Paris Match<\/a>\u00a0\u00bb. \u00ab\u00a0Je crois que j\u2019ai trouv\u00e9 avec\u00a0Adriana\u00a0la personne qu\u2019il me fallait. C\u2019est-\u00e0-dire que quand je me demande si je suis heureux, la r\u00e9ponse est franchement oui. Je n\u2019ai jamais \u00e9t\u00e9 aussi bien. C\u2019est con, \u00e7a arrive tard, mais, au moins, \u00e7a m\u2019arrive.\u00a0\u00bb<\/p>\n","protected":false},"excerpt":{"rendered":"Adriana Karembeu adore les soir\u00e9es parisiennes. C\u2019est d\u2019ailleurs ce que lui reproche son ex-mari, Aram Ohanian, p\u00e8re de&hellip;\n","protected":false},"author":2,"featured_media":452590,"comment_status":"","ping_status":"","sticky":false,"template":"","format":"standard","meta":{"footnotes":""},"categories":[8],"tags":[58,59,1011,27],"class_list":{"0":"post-452589","1":"post","2":"type-post","3":"status-publish","4":"format-standard","5":"has-post-thumbnail","7":"category-divertissement","8":"tag-divertissement","9":"tag-entertainment","10":"tag-fr","11":"tag-france"},"share_on_mastodon":{"url":"https:\/\/pubeurope.com\/@fr\/115350086847457797","error":""},"_links":{"self":[{"href":"https:\/\/www.europesays.com\/fr\/wp-json\/wp\/v2\/posts\/452589","targetHints":{"allow":["GET"]}}],"collection":[{"href":"https:\/\/www.europesays.com\/fr\/wp-json\/wp\/v2\/posts"}],"about":[{"href":"https:\/\/www.europesays.com\/fr\/wp-json\/wp\/v2\/types\/post"}],"author":[{"embeddable":true,"href":"https:\/\/www.europesays.com\/fr\/wp-json\/wp\/v2\/users\/2"}],"replies":[{"embeddable":true,"href":"https:\/\/www.europesays.com\/fr\/wp-json\/wp\/v2\/comments?post=452589"}],"version-history":[{"count":0,"href":"https:\/\/www.europesays.com\/fr\/wp-json\/wp\/v2\/posts\/452589\/revisions"}],"wp:featuredmedia":[{"embeddable":true,"href":"https:\/\/www.europesays.com\/fr\/wp-json\/wp\/v2\/media\/452590"}],"wp:attachment":[{"href":"https:\/\/www.europesays.com\/fr\/wp-json\/wp\/v2\/media?parent=452589"}],"wp:term":[{"taxonomy":"category","embeddable":true,"href":"https:\/\/www.europesays.com\/fr\/wp-json\/wp\/v2\/categories?post=452589"},{"taxonomy":"post_tag","embeddable":true,"href":"https:\/\/www.europesays.com\/fr\/wp-json\/wp\/v2\/tags?post=452589"}],"curies":[{"name":"wp","href":"https:\/\/api.w.org\/{rel}","templated":true}]}}