{"id":452591,"date":"2025-10-10T13:23:10","date_gmt":"2025-10-10T13:23:10","guid":{"rendered":"https:\/\/www.europesays.com\/fr\/452591\/"},"modified":"2025-10-10T13:23:10","modified_gmt":"2025-10-10T13:23:10","slug":"des-chercheurs-britanniques-decouvrent-un-incroyable-reptile-prehistorique-de-la-taille-dun-dauphin","status":"publish","type":"post","link":"https:\/\/www.europesays.com\/fr\/452591\/","title":{"rendered":"Des chercheurs britanniques d\u00e9couvrent un incroyable reptile pr\u00e9historique \u00abde la taille d\u2019un dauphin\u00bb"},"content":{"rendered":"<p>\n    Des chercheurs britanniques ont identifi\u00e9 une nouvelle esp\u00e8ce de reptile marin pr\u00e9historique de la famille des ichtyosaures, baptis\u00e9e \u00abdragon-\u00e9p\u00e9e du Dorset\u00bb, r\u00e9gion du sud de l\u2019Angleterre connue pour ses nombreux fossiles de dinosaures, a annonc\u00e9 vendredi l\u2019universit\u00e9 de Manchester.<\/p>\n<p class=\"fig-paragraph\">Trouv\u00e9 en 2001 par un collectionneur pr\u00e8s de Golden Cap, une falaise situ\u00e9e sur la \u00abC\u00f4te jurassique\u00bb dans le Dorset, le squelette quasi complet de cet animal n&rsquo;avait pas \u00e9t\u00e9 formellement identifi\u00e9 depuis.<\/p>\n<p>Un reptile au museau en forme d\u2019\u00e9p\u00e9e<\/p>\n<p class=\"fig-paragraph\">Cet ichtyosaure \u00abde la taille d&rsquo;un dauphin\u00bb dont le nom scientifique est Xiphodracon goldencapensis, ou \u00ab<strong>dragon-\u00e9p\u00e9e du Dorset<\/strong>\u00bb, est \u00able seul exemplaire connu de son esp\u00e8ce et contribue \u00e0 combler une lacune importante\u00bb pour expliquer l&rsquo;\u00e9volution des ichtyosaures dans le temps, a indiqu\u00e9 dans un communiqu\u00e9 l&rsquo;universit\u00e9 de Manchester o\u00f9 travaille le pal\u00e9ontologue Dean Lomax, l&rsquo;un des trois chercheurs \u00e0 l&rsquo;origine de cette d\u00e9couverte.<\/p>\n<p>                                    <a class=\"fig-a11y-skip a11y-hidden\" href=\"#fig-a11y-skip-main-inarticle\"><br \/>\n        Passer la publicit\u00e9<br \/>\n    <\/a><\/p>\n<p class=\"fig-paragraph\">Le squelette, propri\u00e9t\u00e9 du Mus\u00e9e royal d&rsquo;Ontario au Canada, comprend un cr\u00e2ne dot\u00e9 d&rsquo;une orbite \u00e9norme et d&rsquo;un long museau en forme d&rsquo;\u00e9p\u00e9e.<\/p>\n<p class=\"fig-paragraph\">Les chercheurs, dont la d\u00e9couverte fait l&rsquo;objet d&rsquo;un article publi\u00e9 vendredi dans le journal Papers of Palaeontology, estiment que l&rsquo;animal mesurait environ trois m\u00e8tres de long et se nourrissait de\u00a0<a href=\"http:\/\/www.lefigaro.fr\/animaux\/les-poissons-boivent-ils-de-l-eau-20221027\" data-fig-type=\"Article\" data-gtm-custom-categorie=\"navigation\" data-gtm-custom-action=\"crossclick\" data-gtm-custom-label=\"Contextuel\" data-gtm-event=\"customEventSPE\" data-fig-domain=\"LEFIGARO\" rel=\"nofollow noopener\" target=\"_blank\">poissons<\/a>\u00a0et de\u00a0<a href=\"http:\/\/www.lefigaro.fr\/sciences\/un-calmar-colossal-filme-pour-la-premiere-fois-dans-l-ocean-20250416\" data-fig-type=\"NewsFlash\" data-gtm-custom-categorie=\"navigation\" data-gtm-custom-action=\"crossclick\" data-gtm-custom-label=\"Contextuel\" data-gtm-event=\"customEventSPE\" data-fig-domain=\"LEFIGARO\" rel=\"nofollow noopener\" target=\"_blank\">calamars<\/a>.<\/p>\n<p class=\"fig-body-link\">\n            \u00c0 lire aussi<br \/>\n        <a class=\"fig-body-link__link\" href=\"http:\/\/www.lefigaro.fr\/animaux\/cet-oiseau-prehistorique-a-ete-reintroduit-en-nouvelle-zelande-20230830\" target=\"_blank\" data-fig-type=\"Article\" rel=\"noopener nofollow\" data-gtm-custom-categorie=\"navigation\" data-gtm-custom-action=\"crossclick\" data-gtm-custom-label=\"Contextuel\" data-gtm-event=\"customEventSPE\" data-fig-domain=\"LEFIGARO\">Cet oiseau pr\u00e9historique a \u00e9t\u00e9 r\u00e9introduit en Nouvelle-Z\u00e9lande<br \/>\n    <\/a>\n<\/p>\n<p>Le reptile pr\u00e9historique le plus complet de cette p\u00e9riode<\/p>\n<p class=\"fig-paragraph\">Il s&rsquo;agit probablement du\u00a0<a href=\"http:\/\/www.lefigaro.fr\/animaux\/quiz-saurez-vous-identifier-ces-10-reptiles-20240429\" data-fig-type=\"Article\" data-gtm-custom-categorie=\"navigation\" data-gtm-custom-action=\"crossclick\" data-gtm-custom-label=\"Contextuel\" data-gtm-event=\"customEventSPE\" data-fig-domain=\"LEFIGARO\" rel=\"nofollow noopener\" target=\"_blank\">reptile<\/a>\u00a0pr\u00e9historique le plus complet au monde datant du Pliensbachien, p\u00e9riode du Jurassique inf\u00e9rieur, il y a entre 192 et 184 millions d&rsquo;ann\u00e9es.<\/p>\n<p class=\"fig-paragraph\">\u00abJe me souviens avoir vu ce squelette pour la premi\u00e8re fois en 2016. \u00c0 l&rsquo;\u00e9poque, je savais qu&rsquo;il \u00e9tait inhabituel, mais je ne m&rsquo;attendais pas \u00e0 ce qu&rsquo;il joue un r\u00f4le aussi crucial pour combler une lacune dans notre compr\u00e9hension du renouvellement complexe de la faune au Pliensbachien\u00bb, explique le professeur Lomax.<\/p>\n<p class=\"fig-paragraph\">Le Xiphodracon est ce que l&rsquo;on pourrait appeler une \u00abpi\u00e8ce manquante du puzzle des ichtyosaures\u00bb, entre les esp\u00e8ces disparues en d\u00e9but de cette p\u00e9riode, et celles apparues ult\u00e9rieurement, ajoute-t-il.<\/p>\n","protected":false},"excerpt":{"rendered":"Des chercheurs britanniques ont identifi\u00e9 une nouvelle esp\u00e8ce de reptile marin pr\u00e9historique de la famille des ichtyosaures, baptis\u00e9e&hellip;\n","protected":false},"author":2,"featured_media":452592,"comment_status":"","ping_status":"","sticky":false,"template":"","format":"standard","meta":{"footnotes":""},"categories":[7],"tags":[5975,10740,1011,27,43,40,41,39,42,44],"class_list":{"0":"post-452591","1":"post","2":"type-post","3":"status-publish","4":"format-standard","5":"has-post-thumbnail","7":"category-sciences-et-technologies","8":"tag-decouverte","9":"tag-especes","10":"tag-fr","11":"tag-france","12":"tag-science","13":"tag-science-and-technology","14":"tag-sciences","15":"tag-sciences-et-technologies","16":"tag-technologies","17":"tag-technology"},"share_on_mastodon":{"url":"https:\/\/pubeurope.com\/@fr\/115350090769540981","error":""},"_links":{"self":[{"href":"https:\/\/www.europesays.com\/fr\/wp-json\/wp\/v2\/posts\/452591","targetHints":{"allow":["GET"]}}],"collection":[{"href":"https:\/\/www.europesays.com\/fr\/wp-json\/wp\/v2\/posts"}],"about":[{"href":"https:\/\/www.europesays.com\/fr\/wp-json\/wp\/v2\/types\/post"}],"author":[{"embeddable":true,"href":"https:\/\/www.europesays.com\/fr\/wp-json\/wp\/v2\/users\/2"}],"replies":[{"embeddable":true,"href":"https:\/\/www.europesays.com\/fr\/wp-json\/wp\/v2\/comments?post=452591"}],"version-history":[{"count":0,"href":"https:\/\/www.europesays.com\/fr\/wp-json\/wp\/v2\/posts\/452591\/revisions"}],"wp:featuredmedia":[{"embeddable":true,"href":"https:\/\/www.europesays.com\/fr\/wp-json\/wp\/v2\/media\/452592"}],"wp:attachment":[{"href":"https:\/\/www.europesays.com\/fr\/wp-json\/wp\/v2\/media?parent=452591"}],"wp:term":[{"taxonomy":"category","embeddable":true,"href":"https:\/\/www.europesays.com\/fr\/wp-json\/wp\/v2\/categories?post=452591"},{"taxonomy":"post_tag","embeddable":true,"href":"https:\/\/www.europesays.com\/fr\/wp-json\/wp\/v2\/tags?post=452591"}],"curies":[{"name":"wp","href":"https:\/\/api.w.org\/{rel}","templated":true}]}}