{"id":452596,"date":"2025-10-10T13:26:17","date_gmt":"2025-10-10T13:26:17","guid":{"rendered":"https:\/\/www.europesays.com\/fr\/452596\/"},"modified":"2025-10-10T13:26:17","modified_gmt":"2025-10-10T13:26:17","slug":"plusieurs-communes-touchees-une-distribution-deau-potable-en-cours","status":"publish","type":"post","link":"https:\/\/www.europesays.com\/fr\/452596\/","title":{"rendered":"plusieurs communes touch\u00e9es, une distribution d\u2019eau potable en cours"},"content":{"rendered":"<p>L\u2019incident qui s\u2019est produit jeudi 9\u00a0octobre en fin de journ\u00e9e occasionne encore des soucis ce vendredi 10\u00a0octobre \u00e0 midi. La veille, une fuite importante sur une des plus grandes canalisations <a href=\"https:\/\/www.ledauphine.com\/faits-divers-justice\/2025\/03\/08\/eau-potable-levee-des-restrictions-de-consommation-a-la-ravoire-et-une-partie-de-barberaz\" target=\"_blank\" rel=\"noopener\">d\u2019eau potable de Grand Chamb\u00e9ry<\/a> s\u2019est d\u00e9clench\u00e9e.\u00a0Cet incident affecte le remplissage du r\u00e9servoir de Cazard assurant l\u2019approvisionnement en eau de plusieurs secteurs situ\u00e9s dans les communes de Barberaz, Barby, Challes-les-Eaux, Chamb\u00e9ry, La Ravoire, Saint-Alban-Leysse, Saint-Baldoph et Saint-Jeoire-Prieur\u00e9.<\/p>\n<p>\u201cSeule la commune de Saint-Jeoire-Prieur\u00e9 conna\u00eet un d\u00e9faut d\u2019alimentation en eau potable des habitations (\u00e0 l\u2019exception des secteurs de la Boisserette et de Prieur\u00e9)\u201d, indique Grand Chamb\u00e9ry dans un communiqu\u00e9 de presse.<\/p>\n<p>Ce contenu est bloqu\u00e9 car vous n&rsquo;avez pas accept\u00e9 les cookies et autres traceurs.<\/p>\n<p>En cliquant sur \u00ab J\u2019accepte \u00bb, les cookies et autres traceurs seront d\u00e9pos\u00e9s et vous pourrez visualiser les contenus  (<a href=\"\" class=\"consentModule_policy\" target=\"_blank\" title=\"Consulter la politique de protection des donn\u00e9es du fournisseur\">plus d&rsquo;informations<\/a>).<\/p>\n<p>En cliquant sur \u00ab J\u2019accepte tous les cookies \u00bb, vous autorisez des d\u00e9p\u00f4ts de cookies et autres traceurs pour le stockage de vos donn\u00e9es sur nos sites et applications \u00e0 des fins de personnalisation et de ciblage publicitaire.<\/p>\n<p class=\"consentModule_secondaryText\">Vous gardez la possibilit\u00e9 de retirer votre consentement \u00e0 tout moment en consultant notre <a href=\"https:\/\/www.ledauphine.com\/protection-des-donnees\" target=\"_blank\" title=\"Consulter notre politique de protection des donn\u00e9es\" rel=\"noopener\">politique de protection des donn\u00e9es<\/a>. <br \/>&#13;<br \/>\n            <a href=\"https:\/\/www.ledauphine.com\/environnement\/2025\/10\/10\/javascript:Didomi.notice.show()\" class=\"consentModule_cmp\" target=\"_blank\" rel=\"noopener\">G\u00e9rer mes choix<\/a>&#13;\n        <\/p>\n<p>&#13;<br \/>\n                        J&rsquo;accepte&#13;<br \/>\n            J&rsquo;accepte tous les cookies&#13;\n        <\/p>\n<p>  Le r\u00e9tablissement de la situation communiqu\u00e9 par SMS<\/p>\n<p>Pour r\u00e9pondre \u00e0 cette situation, une distribution de bouteilles d\u2019eau est mise en place en direction des habitants de la commune, \u00e0 la salle des f\u00eates jusqu\u2018\u00e0 21\u00a0heures. La distribution d\u2019eau pourra \u00eatre reconduite demain si la situation devait persister.<\/p>\n<p>Pendant la nuit, la fuite a \u00e9t\u00e9 localis\u00e9e. Depuis, les \u00e9quipes techniques de Grand Chamb\u00e9ry sont mobilis\u00e9es \u201cpour un r\u00e9tablissement dans les meilleurs d\u00e9lais\u201d, pr\u00e9cise le communiqu\u00e9 de presse.<\/p>\n<p>Grand Chamb\u00e9ry \u201cinvite les habitants des communes concern\u00e9es \u00e0 limiter leur consommation d\u2019eau potable\u201d. Enfin, le r\u00e9tablissement de la situation sera communiqu\u00e9 par SMS aux habitants concern\u00e9s.<\/p>\n","protected":false},"excerpt":{"rendered":"L\u2019incident qui s\u2019est produit jeudi 9\u00a0octobre en fin de journ\u00e9e occasionne encore des soucis ce vendredi 10\u00a0octobre \u00e0&hellip;\n","protected":false},"author":2,"featured_media":452597,"comment_status":"","ping_status":"","sticky":false,"template":"","format":"standard","meta":{"footnotes":""},"categories":[4],"tags":[11,57816,57818,57817,5509,12844,7001,436,107,1011,27,7000,20622,20623,12,25,57819,57815,5508],"class_list":{"0":"post-452596","1":"post","2":"type-post","3":"status-publish","4":"format-standard","5":"has-post-thumbnail","7":"category-france","8":"tag-actualites","9":"tag-barberaz","10":"tag-barby","11":"tag-challes-les-eaux","12":"tag-chambery","13":"tag-chambery-bassin","14":"tag-edition-chambery-aix-les-bains","15":"tag-environnement","16":"tag-fil-info","17":"tag-fr","18":"tag-france","19":"tag-lagglomeration","20":"tag-la-ravoire","21":"tag-la-ravoire-et-autour","22":"tag-news","23":"tag-republique-francaise","24":"tag-saint-alban-leysse","25":"tag-saint-jeoire-prieure","26":"tag-savoie"},"share_on_mastodon":{"url":"https:\/\/pubeurope.com\/@fr\/115350102690702155","error":""},"_links":{"self":[{"href":"https:\/\/www.europesays.com\/fr\/wp-json\/wp\/v2\/posts\/452596","targetHints":{"allow":["GET"]}}],"collection":[{"href":"https:\/\/www.europesays.com\/fr\/wp-json\/wp\/v2\/posts"}],"about":[{"href":"https:\/\/www.europesays.com\/fr\/wp-json\/wp\/v2\/types\/post"}],"author":[{"embeddable":true,"href":"https:\/\/www.europesays.com\/fr\/wp-json\/wp\/v2\/users\/2"}],"replies":[{"embeddable":true,"href":"https:\/\/www.europesays.com\/fr\/wp-json\/wp\/v2\/comments?post=452596"}],"version-history":[{"count":0,"href":"https:\/\/www.europesays.com\/fr\/wp-json\/wp\/v2\/posts\/452596\/revisions"}],"wp:featuredmedia":[{"embeddable":true,"href":"https:\/\/www.europesays.com\/fr\/wp-json\/wp\/v2\/media\/452597"}],"wp:attachment":[{"href":"https:\/\/www.europesays.com\/fr\/wp-json\/wp\/v2\/media?parent=452596"}],"wp:term":[{"taxonomy":"category","embeddable":true,"href":"https:\/\/www.europesays.com\/fr\/wp-json\/wp\/v2\/categories?post=452596"},{"taxonomy":"post_tag","embeddable":true,"href":"https:\/\/www.europesays.com\/fr\/wp-json\/wp\/v2\/tags?post=452596"}],"curies":[{"name":"wp","href":"https:\/\/api.w.org\/{rel}","templated":true}]}}