{"id":452604,"date":"2025-10-10T13:30:13","date_gmt":"2025-10-10T13:30:13","guid":{"rendered":"https:\/\/www.europesays.com\/fr\/452604\/"},"modified":"2025-10-10T13:30:13","modified_gmt":"2025-10-10T13:30:13","slug":"aline-martin-chante-pour-apaiser-les-prematures-a-nancy","status":"publish","type":"post","link":"https:\/\/www.europesays.com\/fr\/452604\/","title":{"rendered":"Aline Martin chante pour apaiser les pr\u00e9matur\u00e9s \u00e0 Nancy"},"content":{"rendered":"<p>Publi\u00e910. octobre 2025, 13:16<\/p>\n<p>France\/Grand Est: Une chanteuse lyrique soigne les pr\u00e9matur\u00e9s avec sa voix \u00e0 Nancy<\/p>\n<p>Dans une chambre d&rsquo;h\u00f4pital de Nancy, la voix d&rsquo;une chanteuse lyrique apporte une parenth\u00e8se apaisante aux nouveau-n\u00e9s pr\u00e9matur\u00e9s.<\/p>\n<p>Aline Martin, mezzo-soprano dans les ch\u0153urs de l&rsquo;Op\u00e9ra national de Lorraine, s&rsquo;installe face \u00e0 une maman portant, sur son corps, son b\u00e9b\u00e9 n\u00e9 pr\u00e9matur\u00e9ment. Apr\u00e8s avoir discut\u00e9 avec elle quelques minutes, elle se met \u00e0 chanter. Entre airs classiques de Walt Disney, comptines, un \u00abAve Maria\u00bb ou le cantique \u00abAmazing Grace\u00bb, l&rsquo;intervenante dispose d&rsquo;un large r\u00e9pertoire pour satisfaire les envies des parents et d\u00e9velopper la curiosit\u00e9 des tout-petits, qui souvent ouvrent un \u0153il ou sourient.<\/p>\n<p>\u00abLes vibrations de la voix, notamment la voix lyrique, ont quelque chose d&rsquo;enveloppant pour les b\u00e9b\u00e9s\u00bb, constate l&rsquo;artiste, qui n&rsquo;utilise pas tout le potentiel de ses cordes vocales, et doit d&rsquo;ailleurs veiller \u00e0 chanter tout bas, pour ne pas \u00abeffrayer\u00bb enfants&#8230; ou parents. Selon elle, la voix berce les b\u00e9b\u00e9s, qui tombent \u00abquatre fois sur cinq\u00bb dans un sommeil profond.<\/p>\n<p>P\u00e9diatre et coresponsable du service, Mathilde Queudet loue les bienfaits du chant pour les b\u00e9b\u00e9s pr\u00e9matur\u00e9s, \u00abd\u00e9montr\u00e9s dans la litt\u00e9rature depuis plusieurs ann\u00e9es\u00bb. \u00ab\u00c7a les apaise, \u00e7a ralentit leur fr\u00e9quence cardiaque, \u00e7a am\u00e9liore le sommeil et le passage en sommeil profond\u00bb, \u00e9num\u00e8re la m\u00e9decin.<\/p>\n<p>\u00abOn a d\u00fb continuer \u00e0 chanter tout l&rsquo;apr\u00e8s-midi avec mon conjoint\u00bb<\/p>\n<p>\u00abL&rsquo;apaisement\u00bb est aussi souvent le premier b\u00e9n\u00e9fice mis en avant par les m\u00e8res qui b\u00e9n\u00e9ficient de ce miniconcert \u00e0 l&rsquo;h\u00f4pital. \u00ab\u00c7a apporte de la l\u00e9g\u00e8ret\u00e9, du bonheur\u00bb, estime Tiphaine Robert, 29 ans, maman de Nora, n\u00e9e le 6 septembre.<\/p>\n<p>La premi\u00e8re fois qu&rsquo;Aline Martin a chant\u00e9 pour Nora, \u00abon a d\u00fb continuer \u00e0 chanter tout l&rsquo;apr\u00e8s-midi avec mon conjoint\u00bb, sinon le nourrisson \u00abr\u00e2lait d\u00e8s qu&rsquo;on s&rsquo;arr\u00eatait\u00bb, sourit sa maman, qui dit son \u00abplaisir\u00bb de revivre l&rsquo;intervention. \u00abOn sent aussi que \u00e7a participe \u00e0 son \u00e9veil, elle ouvre un peu les yeux, gigote un peu\u00bb, observe-t-elle.<\/p>\n<p>Dans une chambre o\u00f9 \u00able bruit des machines\u00bb ne s&rsquo;arr\u00eate jamais, \u00abc&rsquo;est important pour le bien-\u00eatre des b\u00e9b\u00e9s\u00bb, loue \u00e9galement Emma, maman d&rsquo;Iris, n\u00e9e le 7 septembre, avec deux mois et demi d&rsquo;avance. En dehors des \u00abbips\u00bb incessants des appareils, \u00ables journ\u00e9es sont longues et silencieuses\u00bb \u00e0 l&rsquo;h\u00f4pital, \u00abon est toujours dans l&rsquo;expectative\u00bb, constate Patricia Didier, maman de Tom, n\u00e9 \u00e0 32 semaines.<\/p>\n<p>\u00abUne petite bulle, une petite soupape\u00bb<\/p>\n<p>D\u00e8s lors, le concert \u00abapporte un petit peu de joie, constate la m\u00e8re, dont le tout-petit a \u00abouvert les yeux\u00bb d\u00e8s les premi\u00e8res notes et \u00aba souri tout le long\u00bb.<\/p>\n<p>Pour le docteur Queudet, le chant renforce le lien parents\/enfant: m\u00eame si les parents ne chantent pas eux-m\u00eames, cela \u00abfait germer une graine\u00bb et l&rsquo;id\u00e9e qu&rsquo;ils pourront fredonner \u00e0 leur tour. Une id\u00e9e d&rsquo;autant plus bienvenue que les parents d&rsquo;aujourd&rsquo;hui, \u00abconnect\u00e9s \u00e0 leur smartphone\u00bb, \u00abne chantent plus comme avant pour leur b\u00e9b\u00e9\u00bb et se contentent parfois de chercher pour lui des musiques sur YouTube, d\u00e9plore Aline Martin.<\/p>\n<p>En r\u00e9animation ou en soins intensifs, le \u00abpublic\u00bb de la chanteuse lyrique est hospitalis\u00e9 pour des dur\u00e9es tr\u00e8s variables, de quelques jours \u00e0 plusieurs mois. En r\u00e9animation, un \u00abmilieu tr\u00e8s particulier\u00bb, \u00able lien, l&rsquo;attachement sont mis \u00e0 rude \u00e9preuve\u00bb, souligne la p\u00e9diatre. Le moment suspendu avec l&rsquo;artiste est alors \u00abune petite bulle, une petite soupape qu&rsquo;on leur offre, une opportunit\u00e9 en plus de vivre quelque chose d&rsquo;unique avec leur enfant\u00bb.<\/p>\n<p>Un an apr\u00e8s la signature d&rsquo;une convention entre le CHRU (centre hospitalier r\u00e9gional universitaire) et l&rsquo;Op\u00e9ra de Lorraine pour \u00abinscrire la voix dans le parcours de soins\u00bb, l&rsquo;enjeu est aujourd&rsquo;hui \u00abd&rsquo;\u00e9largir ces actions\u00bb, explique Fedoua Bayoudh, responsable du service de l&rsquo;\u00e9ducation artistique et culturelle de l&rsquo;op\u00e9ra, qui g\u00e8re ce projet.<\/p>\n<p>Tu nous suis d\u00e9j\u00e0 sur WhatsApp?<\/p>\n<p>Abonne-toi \u00e0 notre cha\u00eene, active la petite \ud83d\udd14 et tu recevras un <strong>r\u00e9cap de l&rsquo;actu<\/strong> chaque jour en <strong>d\u00e9but de soir\u00e9e<\/strong>.<\/p>\n<p>(afp\/pp)<\/p>\n","protected":false},"excerpt":{"rendered":"Publi\u00e910. octobre 2025, 13:16 France\/Grand Est: Une chanteuse lyrique soigne les pr\u00e9matur\u00e9s avec sa voix \u00e0 Nancy Dans&hellip;\n","protected":false},"author":2,"featured_media":452605,"comment_status":"","ping_status":"","sticky":false,"template":"","format":"standard","meta":{"footnotes":""},"categories":[9635],"tags":[1111,11,1777,674,1011,27,775,1702,12,25],"class_list":{"0":"post-452604","1":"post","2":"type-post","3":"status-publish","4":"format-standard","5":"has-post-thumbnail","7":"category-nancy","8":"tag-actu","9":"tag-actualites","10":"tag-eu","11":"tag-europe","12":"tag-fr","13":"tag-france","14":"tag-grand-est","15":"tag-nancy","16":"tag-news","17":"tag-republique-francaise"},"share_on_mastodon":{"url":"https:\/\/pubeurope.com\/@fr\/115350118383715004","error":""},"_links":{"self":[{"href":"https:\/\/www.europesays.com\/fr\/wp-json\/wp\/v2\/posts\/452604","targetHints":{"allow":["GET"]}}],"collection":[{"href":"https:\/\/www.europesays.com\/fr\/wp-json\/wp\/v2\/posts"}],"about":[{"href":"https:\/\/www.europesays.com\/fr\/wp-json\/wp\/v2\/types\/post"}],"author":[{"embeddable":true,"href":"https:\/\/www.europesays.com\/fr\/wp-json\/wp\/v2\/users\/2"}],"replies":[{"embeddable":true,"href":"https:\/\/www.europesays.com\/fr\/wp-json\/wp\/v2\/comments?post=452604"}],"version-history":[{"count":0,"href":"https:\/\/www.europesays.com\/fr\/wp-json\/wp\/v2\/posts\/452604\/revisions"}],"wp:featuredmedia":[{"embeddable":true,"href":"https:\/\/www.europesays.com\/fr\/wp-json\/wp\/v2\/media\/452605"}],"wp:attachment":[{"href":"https:\/\/www.europesays.com\/fr\/wp-json\/wp\/v2\/media?parent=452604"}],"wp:term":[{"taxonomy":"category","embeddable":true,"href":"https:\/\/www.europesays.com\/fr\/wp-json\/wp\/v2\/categories?post=452604"},{"taxonomy":"post_tag","embeddable":true,"href":"https:\/\/www.europesays.com\/fr\/wp-json\/wp\/v2\/tags?post=452604"}],"curies":[{"name":"wp","href":"https:\/\/api.w.org\/{rel}","templated":true}]}}