{"id":452606,"date":"2025-10-10T13:31:13","date_gmt":"2025-10-10T13:31:13","guid":{"rendered":"https:\/\/www.europesays.com\/fr\/452606\/"},"modified":"2025-10-10T13:31:13","modified_gmt":"2025-10-10T13:31:13","slug":"pour-boulazac-attention-a-la-bete-blessee-nancy","status":"publish","type":"post","link":"https:\/\/www.europesays.com\/fr\/452606\/","title":{"rendered":"pour Boulazac, attention \u00e0 la b\u00eate bless\u00e9e Nancy"},"content":{"rendered":"<p>\u00ab\u00a0Sylvain\u00a0\u00bb, <a href=\"https:\/\/www.sudouest.fr\/sport\/basket\/c-est-la-reprise-au-bbd-et-sylvain-lautie-a-toujours-la-flamme-8629731.php\" target=\"_blank\" rel=\"follow nofollow noopener\">c\u2019est bien \u00e9videmment Sylvain Lauti\u00e9<\/a>, qui vit son second passage sur le banc nanc\u00e9en (2000-2004 puis depuis 2021). C\u2019est lui qui, en 2011-2012, avait offert sa toute premi\u00e8re mont\u00e9e en Pro A \u00e0 Boulazac. Depuis, il a notamment permis aux Nanc\u00e9iens de retrouver l\u2019\u00e9lite. L\u2019accueil du Palio sera \u00e0 la hauteur de l\u2019empreinte qu\u2019a laiss\u00e9e le technicien. Apr\u00e8s son limogeage du BBD, au cours de la saison 2013-2014, Lauti\u00e9 \u00e9tait rest\u00e9 en Dordogne\u00a0: il avait pris les r\u00eanes de Gardonne (N3 puis N2) de 2014 \u00e0 2016.<\/p>\n<p>Grandison, c\u2019est flou<\/p>\n<p>Mais si Lauti\u00e9 recroisera des amis et des t\u00eates connues, lui comme M\u00e9nard ont avant tout un match \u00e0 gagner. M\u00eame priv\u00e9 du pivot Gombauld (genou), Nancy reste dangereux. Le coach boulazacois craint \u00ab\u00a0leurs talents offensifs. Nolley et Fleming sont de tr\u00e8s beaux joueurs. Goudou-Sinha est un gros shooteur, Cozart apporte une vraie pr\u00e9sence dessous\u2026\u00a0\u00bb Hyatt faisait partie des meilleurs tireurs \u00e0 trois points de la ligue belgo-n\u00e9erlandaise la saison pass\u00e9e.<\/p>\n<blockquote><p>\u00ab\u00a0[Grandison] c\u2019est une raison personnelle que je ne peux pas \u00e9voquer. Et le club ne peut pas communiquer\u00a0\u00bb<\/p><\/blockquote>\n<p>Et pour compl\u00e9ter l\u2019effectif apr\u00e8s la blessure de Gombaud, Nancy a sign\u00e9 l\u2019Allemand Brunig pour toute la saison.<\/p>\n<p>Boulazac, de son c\u00f4t\u00e9, doit toujours faire sans <a href=\"https:\/\/www.sudouest.fr\/dordogne\/boulazac\/basket-ball-betclic-elite-boulazac-a-trouve-son-pigiste-medical-25900428.php\" target=\"_blank\" rel=\"follow nofollow noopener\">Jacob Grandison<\/a>, dont l\u2019absence reste myst\u00e9rieuse. L\u2019ailier finlandais n\u2019est pas visible aux abords ou dans les salles d\u2019entra\u00eenement du club. M\u00e9nard parle d\u2019une raison \u00ab\u00a0personnelle\u00a0\u00bb qu\u2019il \u00ab\u00a0ne peut pas \u00e9voquer\u00a0\u00bb, sachant que le Finlandais n\u2019a pas le droit d\u2019utiliser les installations du club, ne peut pas s\u2019entra\u00eener, ni \u00e9videmment jouer. Et \u00ab\u00a0le club ne peut pas communiquer\u00a0\u00bb.<\/p>\n<p>Ce sera \u00e9galement sans Hugo Robineau, qui a repris les entra\u00eenements sans opposition mais n\u2019est pas encore pr\u00eat.<\/p>\n","protected":false},"excerpt":{"rendered":"\u00ab\u00a0Sylvain\u00a0\u00bb, c\u2019est bien \u00e9videmment Sylvain Lauti\u00e9, qui vit son second passage sur le banc nanc\u00e9en (2000-2004 puis depuis&hellip;\n","protected":false},"author":2,"featured_media":452607,"comment_status":"","ping_status":"","sticky":false,"template":"","format":"standard","meta":{"footnotes":""},"categories":[9635],"tags":[1111,11,1777,674,1011,27,775,1702,12,25],"class_list":{"0":"post-452606","1":"post","2":"type-post","3":"status-publish","4":"format-standard","5":"has-post-thumbnail","7":"category-nancy","8":"tag-actu","9":"tag-actualites","10":"tag-eu","11":"tag-europe","12":"tag-fr","13":"tag-france","14":"tag-grand-est","15":"tag-nancy","16":"tag-news","17":"tag-republique-francaise"},"share_on_mastodon":{"url":"https:\/\/pubeurope.com\/@fr\/115350122321907054","error":""},"_links":{"self":[{"href":"https:\/\/www.europesays.com\/fr\/wp-json\/wp\/v2\/posts\/452606","targetHints":{"allow":["GET"]}}],"collection":[{"href":"https:\/\/www.europesays.com\/fr\/wp-json\/wp\/v2\/posts"}],"about":[{"href":"https:\/\/www.europesays.com\/fr\/wp-json\/wp\/v2\/types\/post"}],"author":[{"embeddable":true,"href":"https:\/\/www.europesays.com\/fr\/wp-json\/wp\/v2\/users\/2"}],"replies":[{"embeddable":true,"href":"https:\/\/www.europesays.com\/fr\/wp-json\/wp\/v2\/comments?post=452606"}],"version-history":[{"count":0,"href":"https:\/\/www.europesays.com\/fr\/wp-json\/wp\/v2\/posts\/452606\/revisions"}],"wp:featuredmedia":[{"embeddable":true,"href":"https:\/\/www.europesays.com\/fr\/wp-json\/wp\/v2\/media\/452607"}],"wp:attachment":[{"href":"https:\/\/www.europesays.com\/fr\/wp-json\/wp\/v2\/media?parent=452606"}],"wp:term":[{"taxonomy":"category","embeddable":true,"href":"https:\/\/www.europesays.com\/fr\/wp-json\/wp\/v2\/categories?post=452606"},{"taxonomy":"post_tag","embeddable":true,"href":"https:\/\/www.europesays.com\/fr\/wp-json\/wp\/v2\/tags?post=452606"}],"curies":[{"name":"wp","href":"https:\/\/api.w.org\/{rel}","templated":true}]}}