{"id":452615,"date":"2025-10-10T13:36:10","date_gmt":"2025-10-10T13:36:10","guid":{"rendered":"https:\/\/www.europesays.com\/fr\/452615\/"},"modified":"2025-10-10T13:36:10","modified_gmt":"2025-10-10T13:36:10","slug":"une-explosion-retenti-dans-le-centre-ville-de-rouen-que-sest-il-passe","status":"publish","type":"post","link":"https:\/\/www.europesays.com\/fr\/452615\/","title":{"rendered":"une explosion retenti dans le centre-ville de Rouen, que s&rsquo;est-il pass\u00e9\u00a0?"},"content":{"rendered":"<p>            Par<br \/>\n        <strong><br \/>\n            <a href=\"https:\/\/actu.fr\/auteur\/adrien-filoche\" title=\"Consulter tous les articles de Adrien Filoche\" target=\"_blank\" rel=\"noopener\">Adrien Filoche<\/a><br \/>\n        <\/strong><\/p>\n<p>        Publi\u00e9 le<\/p>\n<p>            10 oct. 2025 \u00e0 15h05        <\/p>\n<p>Si vous \u00e9tiez dans le secteur, vous l\u2019avez sans doute entendu. Le jeudi 9\u00a0octobre, vers 8h30, une <strong>inqui\u00e9tante explosion<\/strong> a retenti dans le centre-ville de <a href=\"https:\/\/actu.fr\/normandie\/rouen_76540\" target=\"_blank\" rel=\"noopener\">Rouen (Seine-Maritime)<\/a>, dans le secteur de la rue des Chanoines, non loin de la cath\u00e9drale. Mais que s\u2019est-il pass\u00e9\u2009?<\/p>\n<p>\u00ab\u2009C\u2019\u00e9tait tr\u00e8s impressionnant\u2009\u00bb<\/p>\n<p class=\" wall-content\">Interrog\u00e9e par 76actu, la g\u00e9rante de la boutique Romy La Suite, qui fait l\u2019angle entre la rue Saint-Nicolas et la rue des Chanoines raconte\u2009: \u00ab\u2009C\u2019\u00e9tait assez impressionnant, \u00e7a a fait tout trembler. L\u2019immeuble a trembl\u00e9.\u2009\u00bb<\/p>\n<p class=\" wall-content\">Heureusement, elle n\u2019\u00e9tait pas directement dans sa boutique au moment de l\u2019explosion, car <strong>une partie des locaux ont \u00e9t\u00e9 d\u00e9grad\u00e9s<\/strong>. C\u2019est apr\u00e8s la venue de la police, vers 9h30, qu\u2019elle a pu constater les d\u00e9g\u00e2ts. \u00ab\u2009Dans les toilettes, il y a une partie qui est fissur\u00e9e. Et puis notre r\u00e9serve a \u00e9t\u00e9 remplie de poussi\u00e8res\u2009\u00bb, explique-t-elle.<\/p>\n<p class=\" wall-content\">S\u00e9bastien, de l\u2019enseigne Coffea, explique \u00eatre arriv\u00e9 apr\u00e8s l\u2019explosion. \u00ab\u00a0J\u2019ai vu des v\u00e9hicules de pompiers, la rue barr\u00e9e\u00a0\u00bb, confie-t-il. En se rapprochant, il a \u00e9galement constat\u00e9 la pr\u00e9sence de policiers en train d\u2019effectuer des relev\u00e9s.<\/p>\n<p>Des cas d\u2019explosion au cours de l\u2019\u00e9t\u00e9<\/p>\n<p class=\" wall-content\">Selon nos informations, il s\u2019agit d\u2019une <strong>\u00ab\u2009goutti\u00e8re qui a \u00e9t\u00e9 d\u00e9grad\u00e9e\u2009\u00bb<\/strong>, vraisemblablement par une sorte de p\u00e9tard. La police scientifique s\u2019est d\u00e9plac\u00e9e, nous relate une source polici\u00e8re, pr\u00e9cisant que des relev\u00e9s ont \u00e9t\u00e9 effectu\u00e9s sur place.<\/p>\n<p class=\" wall-content\">\u00c0 l\u2019heure actuelle, une enqu\u00eate est en cours afin de d\u00e9terminer l\u2019origine de cet incident, qui n\u2019a caus\u00e9 aucun bless\u00e9, mais uniquement des d\u00e9g\u00e2ts mat\u00e9riels.<\/p>\n<p class=\" wall-content\">Au cours de l\u2019\u00e9t\u00e9, <strong>plusieurs plaintes<\/strong> avaient \u00e9t\u00e9 d\u00e9pos\u00e9es aupr\u00e8s des services de police concernant des d\u00e9gradations provoqu\u00e9es par l\u2019explosion de p\u00e9tards dans le centre-ville rouennais, <a href=\"https:\/\/actu.fr\/normandie\/rouen_76540\/une-mysterieuse-explosion-a-retenti-dans-rouen-ce-jeudi-soir-ce-que-l-on-sait_63064620.html\" target=\"_blank\" rel=\"noopener\">notamment en marge de la f\u00eate de la musique.<\/a><\/p>\n<p>Votre r\u00e9gion, votre actu !<\/p>\n<p>Recevez chaque jour les infos qui comptent pour vous.<\/p>\n<p>\t<a href=\"https:\/\/actu.fr\/newsletter\" class=\"ac-btn ac-btn--corner ac-btn--medium ac-btn--blue800\" target=\"_blank\" rel=\"noopener\">S&rsquo;incrire<\/a><\/p>\n<p class=\" wall-content\">Reste \u00e0 d\u00e9terminer si l\u2019ensemble de ces faits sont li\u00e9s, ou bien s\u2019il s\u2019agit d\u2019une simple co\u00efncidence.<\/p>\n<p>Suivez l\u2019actualit\u00e9 de Rouen sur <a href=\"https:\/\/www.whatsapp.com\/channel\/0029VaKfnf99hXF2ddApFB1D\" target=\"_blank\" rel=\"noopener\">notre cha\u00eene WhatsApp<\/a> et sur <a href=\"https:\/\/www.tiktok.com\/@76actu.fr?lang=fr\" target=\"_blank\" rel=\"noopener\">notre compte TikTok<\/a><\/p>\n<p class=\" wall-content\">Personnalisez votre actualit\u00e9 en ajoutant vos villes et m\u00e9dias en favori avec <a href=\"https:\/\/moncompte.actu.fr\" title=\"D\u00e9couvez Mon Actu\" rel=\"nofollow noopener\" data-trk=\"{&quot;cta&quot;:{&quot;action&quot;:&quot;https:\\\/\\\/moncompte.actu.fr&quot;,&quot;category&quot;:&quot;mon compte&quot;,&quot;from&quot;:&quot;article footer&quot;,&quot;name&quot;:&quot;Mon actu&quot;,&quot;type&quot;:&quot;cta&quot;}}\" target=\"_blank\">Mon Actu<\/a>.<\/p>\n<p>                    <script async src=\"\/\/www.tiktok.com\/embed.js\"><\/script><\/p>\n","protected":false},"excerpt":{"rendered":"Par Adrien Filoche Publi\u00e9 le 10 oct. 2025 \u00e0 15h05 Si vous \u00e9tiez dans le secteur, vous l\u2019avez&hellip;\n","protected":false},"author":2,"featured_media":452616,"comment_status":"","ping_status":"","sticky":false,"template":"","format":"standard","meta":{"footnotes":""},"categories":[9587],"tags":[1111,11,1777,674,118,1011,27,12,5161,1072,25,9590],"class_list":{"0":"post-452615","1":"post","2":"type-post","3":"status-publish","4":"format-standard","5":"has-post-thumbnail","7":"category-rouen","8":"tag-actu","9":"tag-actualites","10":"tag-eu","11":"tag-europe","12":"tag-faits-divers","13":"tag-fr","14":"tag-france","15":"tag-news","16":"tag-normandie","17":"tag-police","18":"tag-republique-francaise","19":"tag-rouen"},"share_on_mastodon":{"url":"https:\/\/pubeurope.com\/@fr\/115350141831462304","error":""},"_links":{"self":[{"href":"https:\/\/www.europesays.com\/fr\/wp-json\/wp\/v2\/posts\/452615","targetHints":{"allow":["GET"]}}],"collection":[{"href":"https:\/\/www.europesays.com\/fr\/wp-json\/wp\/v2\/posts"}],"about":[{"href":"https:\/\/www.europesays.com\/fr\/wp-json\/wp\/v2\/types\/post"}],"author":[{"embeddable":true,"href":"https:\/\/www.europesays.com\/fr\/wp-json\/wp\/v2\/users\/2"}],"replies":[{"embeddable":true,"href":"https:\/\/www.europesays.com\/fr\/wp-json\/wp\/v2\/comments?post=452615"}],"version-history":[{"count":0,"href":"https:\/\/www.europesays.com\/fr\/wp-json\/wp\/v2\/posts\/452615\/revisions"}],"wp:featuredmedia":[{"embeddable":true,"href":"https:\/\/www.europesays.com\/fr\/wp-json\/wp\/v2\/media\/452616"}],"wp:attachment":[{"href":"https:\/\/www.europesays.com\/fr\/wp-json\/wp\/v2\/media?parent=452615"}],"wp:term":[{"taxonomy":"category","embeddable":true,"href":"https:\/\/www.europesays.com\/fr\/wp-json\/wp\/v2\/categories?post=452615"},{"taxonomy":"post_tag","embeddable":true,"href":"https:\/\/www.europesays.com\/fr\/wp-json\/wp\/v2\/tags?post=452615"}],"curies":[{"name":"wp","href":"https:\/\/api.w.org\/{rel}","templated":true}]}}