{"id":452617,"date":"2025-10-10T13:37:53","date_gmt":"2025-10-10T13:37:53","guid":{"rendered":"https:\/\/www.europesays.com\/fr\/452617\/"},"modified":"2025-10-10T13:37:53","modified_gmt":"2025-10-10T13:37:53","slug":"envie-de-bouger-ce-weekend-voici-nos-idees-de-sorties-a-rouen","status":"publish","type":"post","link":"https:\/\/www.europesays.com\/fr\/452617\/","title":{"rendered":"Envie de bouger ce weekend ? Voici nos id\u00e9es de sorties \u00e0 Rouen"},"content":{"rendered":"<p>            Par<br \/>\n        <strong><br \/>\n            <a href=\"https:\/\/actu.fr\/auteur\/julien-bouteiller\" title=\"Consulter tous les articles de Julien Bouteiller\" rel=\"nofollow noopener\" target=\"_blank\">Julien Bouteiller<\/a><br \/>\n        <\/strong><\/p>\n<p>        Publi\u00e9 le<\/p>\n<p>            10 oct. 2025 \u00e0 15h34        <\/p>\n<p>On devrait avoir une m\u00e9t\u00e9o plut\u00f4t cl\u00e9mente ce weekend des samedi\u00a011 et dimanche 12\u00a0octobre 2025. Et \u00e7a tombe bien puisqu\u2019on a de chouettes <strong>id\u00e9es de sorties \u00e0 vous proposer \u00e0 Rouen<\/strong> pour ces deux jours.<\/p>\n<p>La F\u00eate du ventre<\/p>\n<p class=\" wall-content\">L\u2019\u00e9v\u00e9nement du weekend, c\u2019est bien s\u00fbr <a href=\"https:\/\/actu.fr\/normandie\/rouen_76540\/rouen-a-table-et-fete-du-ventre-ce-weekend-rouen-sera-la-capitale-de-la-gastronomie_63112694.html\" rel=\"nofollow noopener\" target=\"_blank\">la F\u00eate du ventre<\/a>. Rendez-vous incontournable des gourmands, il transformera pendant deux jours<strong> le quartier de la rue Jeanne-d\u2019Arc<\/strong> en march\u00e9 g\u00e9ant. Vous pourrez rencontrer les producteurs locaux et m\u00eame vous faire <a href=\"https:\/\/actu.fr\/normandie\/rouen_76540\/combien-ca-coute-de-se-faire-un-repas-complet-sur-la-fete-du-ventre-a-rouen-on-a-teste-pour-vous_61726714.html\" rel=\"nofollow noopener\" target=\"_blank\">un v\u00e9ritable repas complet<\/a>.<\/p>\n<p>Aller dans cette cr\u00eaperie<\/p>\n<p class=\" wall-content\"><strong>Une institution vient de rouvrir ses portes<\/strong>. Apr\u00e8s un an de fermeture, <a href=\"https:\/\/actu.fr\/normandie\/rouen_76540\/apres-un-an-de-fermeture-la-celebre-creperie-de-la-tarte-tatin-rouvre-dans-le-centre-ville-de-rouen_63234022.html\" rel=\"nofollow noopener\" target=\"_blank\">la Tarte Tatin a rouvert ses portes<\/a>. Les habitu\u00e9s de la cr\u00eaperie de la <strong>rue de la Vicomt\u00e9<\/strong> y retrouveront l\u2019ambiance chaleureuse et bien s\u00fbr les galettes, mais en version modernis\u00e9e. \u00c0 tester\u2009!<\/p>\n<p>Artistes d\u2019un jour<\/p>\n<p class=\" wall-content\">Et si, le temps d\u2019une heure, vous laissiez libre cours \u00e0 votre inspiration artistique\u2009? C\u2019est possible chez <a href=\"https:\/\/actu.fr\/normandie\/rouen_76540\/nouveau-concept-a-rouen-en-couple-entre-amis-ou-en-famille-devenez-artiste-le-temps-d-une-heure_63228762.html\" rel=\"nofollow noopener\" target=\"_blank\">Kiss My Art<\/a>, <strong>\u00e0 c\u00f4t\u00e9 des Docks 76<\/strong>. Le concept est tr\u00e8s simple\u2009: on vous fournit une toile, du mat\u00e9riel, de quoi vous prot\u00e9ger et ensuite, \u00e0 vous de jouer et de faire parler le peintre en vous.<\/p>\n<p>Session shopping pour votre d\u00e9co<\/p>\n<p class=\" wall-content\">Si vous voulez profiter de l\u2019automne pour parfaire la d\u00e9co de votre int\u00e9rieur, voil\u00e0 une adresse pour vous. Ouvert cette ann\u00e9e<strong> \u00e0 Isneauville, dans l\u2019all\u00e9e du Manoir<\/strong>, <a href=\"https:\/\/actu.fr\/normandie\/isneauville_76377\/maison-marcelle-specialiste-de-la-decoration-interieure_63232068.html\" rel=\"nofollow noopener\" target=\"_blank\">Maison Marcelle<\/a> vous propose des articles d\u00e9co, du petit mobilier, du textile\u2026 De quoi bien nidifier avant les jours gris.<\/p>\n<p>Un peu de padel<\/p>\n<p class=\" wall-content\">On s\u2019\u00e9loigne un peu de Rouen pour se rendre <strong>non loin du Carrefour de Barentin<\/strong>. <a href=\"https:\/\/actu.fr\/normandie\/barentin_76057\/un-lieu-de-sport-et-de-vie-on-connait-la-date-d-ouverture-du-nouveau-grand-complexe-de-padel-a-barentin_63195480.html\" rel=\"nofollow noopener\" target=\"_blank\">PadelShot<\/a> vient d\u2019ouvrir son grand complexe<strong> d\u00e9di\u00e9 au padel, mais pas seulement<\/strong>. On pourra aussi s\u2019y entra\u00eener au tennis de table, au billard, au baby-foot ou aux fl\u00e9chettes.<\/p>\n<p>Suivez l\u2019actualit\u00e9 de Rouen <a href=\"https:\/\/www.whatsapp.com\/channel\/0029VaKfnf99hXF2ddApFB1D\" rel=\"nofollow noopener\" target=\"_blank\">sur notre cha\u00eene WhatsApp<\/a> et <a href=\"https:\/\/www.tiktok.com\/@76actu.fr?lang=fr\" rel=\"nofollow noopener\" target=\"_blank\">sur notre compte TikTok<\/a>Vous souhaitez annoncer un \u00e9v\u00e9nement festif ou associatif, une initiative locale\u2009? Rendez-vous sur notre plateforme <a href=\"https:\/\/www.infolocale.fr\/decouvrir\/actu\/\" rel=\"nofollow noopener\" target=\"_blank\">Infolocale<\/a>.<\/p>\n<p class=\" wall-content\">Personnalisez votre actualit\u00e9 en ajoutant vos villes et m\u00e9dias en favori avec <a href=\"https:\/\/moncompte.actu.fr\" title=\"D\u00e9couvez Mon Actu\" rel=\"nofollow noopener\" data-trk=\"{&quot;cta&quot;:{&quot;action&quot;:&quot;https:\\\/\\\/moncompte.actu.fr&quot;,&quot;category&quot;:&quot;mon compte&quot;,&quot;from&quot;:&quot;article footer&quot;,&quot;name&quot;:&quot;Mon actu&quot;,&quot;type&quot;:&quot;cta&quot;}}\" target=\"_blank\">Mon Actu<\/a>.<\/p>\n<p>                    <script async src=\"\/\/www.tiktok.com\/embed.js\"><\/script><\/p>\n","protected":false},"excerpt":{"rendered":"Par Julien Bouteiller Publi\u00e9 le 10 oct. 2025 \u00e0 15h34 On devrait avoir une m\u00e9t\u00e9o plut\u00f4t cl\u00e9mente ce&hellip;\n","protected":false},"author":2,"featured_media":452618,"comment_status":"","ping_status":"","sticky":false,"template":"","format":"standard","meta":{"footnotes":""},"categories":[9587],"tags":[1111,11,9086,1777,674,1011,27,1652,12,5161,25,9590],"class_list":{"0":"post-452617","1":"post","2":"type-post","3":"status-publish","4":"format-standard","5":"has-post-thumbnail","7":"category-rouen","8":"tag-actu","9":"tag-actualites","10":"tag-bon-plan-a-rouen","11":"tag-eu","12":"tag-europe","13":"tag-fr","14":"tag-france","15":"tag-loisirs-culture","16":"tag-news","17":"tag-normandie","18":"tag-republique-francaise","19":"tag-rouen"},"share_on_mastodon":{"url":"https:\/\/pubeurope.com\/@fr\/115350149622949282","error":""},"_links":{"self":[{"href":"https:\/\/www.europesays.com\/fr\/wp-json\/wp\/v2\/posts\/452617","targetHints":{"allow":["GET"]}}],"collection":[{"href":"https:\/\/www.europesays.com\/fr\/wp-json\/wp\/v2\/posts"}],"about":[{"href":"https:\/\/www.europesays.com\/fr\/wp-json\/wp\/v2\/types\/post"}],"author":[{"embeddable":true,"href":"https:\/\/www.europesays.com\/fr\/wp-json\/wp\/v2\/users\/2"}],"replies":[{"embeddable":true,"href":"https:\/\/www.europesays.com\/fr\/wp-json\/wp\/v2\/comments?post=452617"}],"version-history":[{"count":0,"href":"https:\/\/www.europesays.com\/fr\/wp-json\/wp\/v2\/posts\/452617\/revisions"}],"wp:featuredmedia":[{"embeddable":true,"href":"https:\/\/www.europesays.com\/fr\/wp-json\/wp\/v2\/media\/452618"}],"wp:attachment":[{"href":"https:\/\/www.europesays.com\/fr\/wp-json\/wp\/v2\/media?parent=452617"}],"wp:term":[{"taxonomy":"category","embeddable":true,"href":"https:\/\/www.europesays.com\/fr\/wp-json\/wp\/v2\/categories?post=452617"},{"taxonomy":"post_tag","embeddable":true,"href":"https:\/\/www.europesays.com\/fr\/wp-json\/wp\/v2\/tags?post=452617"}],"curies":[{"name":"wp","href":"https:\/\/api.w.org\/{rel}","templated":true}]}}