{"id":452619,"date":"2025-10-10T13:39:13","date_gmt":"2025-10-10T13:39:13","guid":{"rendered":"https:\/\/www.europesays.com\/fr\/452619\/"},"modified":"2025-10-10T13:39:13","modified_gmt":"2025-10-10T13:39:13","slug":"ils-percutent-un-chevreuil-avec-leur-moto-et-terminent-a-lhopital","status":"publish","type":"post","link":"https:\/\/www.europesays.com\/fr\/452619\/","title":{"rendered":"ils percutent un chevreuil avec leur moto et terminent \u00e0 l&rsquo;h\u00f4pital"},"content":{"rendered":"<p itemprop=\"description\"><strong>Ce jeudi soir, un motard et sa passag\u00e8re ont \u00e9t\u00e9 surpris par un animal sauvage sur la route.<\/strong><\/p>\n<p>Les faits se sont d\u00e9roul\u00e9s sur la commune de Corps.<\/p>\n<p>Le motard n&rsquo;a pas pu \u00e9viter le chevreuil et l&rsquo;a percut\u00e9 de plein fouet. L&rsquo;accident a tu\u00e9 le pauvre animal, tandis que les deux sexag\u00e9naires pr\u00e9sents sur la moto ont \u00e9t\u00e9 \u00e9ject\u00e9s sur plusieurs m\u00e8tres.<\/p>\n<p>Le motard a \u00e9t\u00e9 gri\u00e8vement bless\u00e9 et a \u00e9t\u00e9 hospitalis\u00e9 au CHU Grenoble Alpes en compagnie de sa passag\u00e8re, plus l\u00e9g\u00e8rement touch\u00e9e.<\/p>\n","protected":false},"excerpt":{"rendered":"Ce jeudi soir, un motard et sa passag\u00e8re ont \u00e9t\u00e9 surpris par un animal sauvage sur la route.&hellip;\n","protected":false},"author":2,"featured_media":452620,"comment_status":"","ping_status":"","sticky":false,"template":"","format":"standard","meta":{"footnotes":""},"categories":[9566],"tags":[1111,11,7733,8279,2430,7736,650,7734,2889,2263,1777,674,1011,27,2731,8280,6417,1114,108,4662,12,3725,1825,25,7737],"class_list":{"0":"post-452619","1":"post","2":"type-post","3":"status-publish","4":"format-standard","5":"has-post-thumbnail","7":"category-grenoble","8":"tag-actu","9":"tag-actualites","10":"tag-alpes","11":"tag-alpes1","12":"tag-auvergne-rhone-alpes","13":"tag-cds","14":"tag-cinema","15":"tag-ecoute","16":"tag-emission","17":"tag-equipe","18":"tag-eu","19":"tag-europe","20":"tag-fr","21":"tag-france","22":"tag-grenoble","23":"tag-haute","24":"tag-information","25":"tag-infos","26":"tag-isere","27":"tag-journal","28":"tag-news","29":"tag-podcast","30":"tag-radio","31":"tag-republique-francaise","32":"tag-winamp"},"share_on_mastodon":{"url":"https:\/\/pubeurope.com\/@fr\/115350153735211240","error":""},"_links":{"self":[{"href":"https:\/\/www.europesays.com\/fr\/wp-json\/wp\/v2\/posts\/452619","targetHints":{"allow":["GET"]}}],"collection":[{"href":"https:\/\/www.europesays.com\/fr\/wp-json\/wp\/v2\/posts"}],"about":[{"href":"https:\/\/www.europesays.com\/fr\/wp-json\/wp\/v2\/types\/post"}],"author":[{"embeddable":true,"href":"https:\/\/www.europesays.com\/fr\/wp-json\/wp\/v2\/users\/2"}],"replies":[{"embeddable":true,"href":"https:\/\/www.europesays.com\/fr\/wp-json\/wp\/v2\/comments?post=452619"}],"version-history":[{"count":0,"href":"https:\/\/www.europesays.com\/fr\/wp-json\/wp\/v2\/posts\/452619\/revisions"}],"wp:featuredmedia":[{"embeddable":true,"href":"https:\/\/www.europesays.com\/fr\/wp-json\/wp\/v2\/media\/452620"}],"wp:attachment":[{"href":"https:\/\/www.europesays.com\/fr\/wp-json\/wp\/v2\/media?parent=452619"}],"wp:term":[{"taxonomy":"category","embeddable":true,"href":"https:\/\/www.europesays.com\/fr\/wp-json\/wp\/v2\/categories?post=452619"},{"taxonomy":"post_tag","embeddable":true,"href":"https:\/\/www.europesays.com\/fr\/wp-json\/wp\/v2\/tags?post=452619"}],"curies":[{"name":"wp","href":"https:\/\/api.w.org\/{rel}","templated":true}]}}