{"id":452623,"date":"2025-10-10T13:41:30","date_gmt":"2025-10-10T13:41:30","guid":{"rendered":"https:\/\/www.europesays.com\/fr\/452623\/"},"modified":"2025-10-10T13:41:30","modified_gmt":"2025-10-10T13:41:30","slug":"le-grand-soufflet-se-termine-ce-weekend-en-ille-et-vilaine","status":"publish","type":"post","link":"https:\/\/www.europesays.com\/fr\/452623\/","title":{"rendered":"Le Grand Soufflet se termine ce weekend en Ille et Vilaine"},"content":{"rendered":"<p><img loading=\"lazy\" decoding=\"async\" class=\"\" src=\"https:\/\/www.europesays.com\/fr\/wp-content\/uploads\/2025\/10\/cf743741-608c-4787-bf42-c4d7d1555345.jpg\" alt=\"OCEANE\" width=\"1\" height=\"1\"\/><\/p>\n<p class=\"author\">OCEANE FM<\/p>\n<p class=\"lead\">OCEANE &#8211; CULTURE<\/p>\n<p class=\"date\">9 octobre 2025 &#8211; 2 min 8 sec<\/p>\n<p>Le Grand Soufflet se termine ce weekend en Ille et Vilaine<\/p>\n<p>La 30e \u00e9dition du festival le Grand Soufflet s\u2019ach\u00e8ve ce weekend en Ille et Vilaine. <\/p>\n<p>Plus d\u2019une quarantaine de communes ont accueilli une centaine de spectacles dans le d\u00e9partement. A noter que plus de la moiti\u00e9 des rendez-vous sont gratuits. On parle de ce dernier weekend de f\u00eate avec le directeur artistique Cl\u00e9ment Le Goff.<\/p>\n","protected":false},"excerpt":{"rendered":"OCEANE FM OCEANE &#8211; CULTURE 9 octobre 2025 &#8211; 2 min 8 sec Le Grand Soufflet se termine&hellip;\n","protected":false},"author":2,"featured_media":452624,"comment_status":"","ping_status":"","sticky":false,"template":"","format":"standard","meta":{"footnotes":""},"categories":[2821],"tags":[1111,11,4763,829,650,7019,33,1777,674,849,1011,27,12,584,25,602],"class_list":{"0":"post-452623","1":"post","2":"type-post","3":"status-publish","4":"format-standard","5":"has-post-thumbnail","7":"category-rennes","8":"tag-actu","9":"tag-actualites","10":"tag-agenda","11":"tag-bretagne","12":"tag-cinema","13":"tag-culturel","14":"tag-economie","15":"tag-eu","16":"tag-europe","17":"tag-festival","18":"tag-fr","19":"tag-france","20":"tag-news","21":"tag-rennes","22":"tag-republique-francaise","23":"tag-tourisme"},"share_on_mastodon":{"url":"https:\/\/pubeurope.com\/@fr\/115350162247859910","error":""},"_links":{"self":[{"href":"https:\/\/www.europesays.com\/fr\/wp-json\/wp\/v2\/posts\/452623","targetHints":{"allow":["GET"]}}],"collection":[{"href":"https:\/\/www.europesays.com\/fr\/wp-json\/wp\/v2\/posts"}],"about":[{"href":"https:\/\/www.europesays.com\/fr\/wp-json\/wp\/v2\/types\/post"}],"author":[{"embeddable":true,"href":"https:\/\/www.europesays.com\/fr\/wp-json\/wp\/v2\/users\/2"}],"replies":[{"embeddable":true,"href":"https:\/\/www.europesays.com\/fr\/wp-json\/wp\/v2\/comments?post=452623"}],"version-history":[{"count":0,"href":"https:\/\/www.europesays.com\/fr\/wp-json\/wp\/v2\/posts\/452623\/revisions"}],"wp:featuredmedia":[{"embeddable":true,"href":"https:\/\/www.europesays.com\/fr\/wp-json\/wp\/v2\/media\/452624"}],"wp:attachment":[{"href":"https:\/\/www.europesays.com\/fr\/wp-json\/wp\/v2\/media?parent=452623"}],"wp:term":[{"taxonomy":"category","embeddable":true,"href":"https:\/\/www.europesays.com\/fr\/wp-json\/wp\/v2\/categories?post=452623"},{"taxonomy":"post_tag","embeddable":true,"href":"https:\/\/www.europesays.com\/fr\/wp-json\/wp\/v2\/tags?post=452623"}],"curies":[{"name":"wp","href":"https:\/\/api.w.org\/{rel}","templated":true}]}}