{"id":452627,"date":"2025-10-10T13:43:12","date_gmt":"2025-10-10T13:43:12","guid":{"rendered":"https:\/\/www.europesays.com\/fr\/452627\/"},"modified":"2025-10-10T13:43:12","modified_gmt":"2025-10-10T13:43:12","slug":"dialogue-entre-lorgue-le-violon-et-le-hautbois-le-11-octobre","status":"publish","type":"post","link":"https:\/\/www.europesays.com\/fr\/452627\/","title":{"rendered":"dialogue entre l\u2019orgue, le violon et le hautbois le 11\u00a0octobre"},"content":{"rendered":"<p>Samedi 11\u00a0octobre, le Trio du Levant pr\u00e9sentera un programme lumineux et contrast\u00e9, port\u00e9 par le dialogue entre le hautbois, le violon et l\u2019orgue. Les jeunes musiciens et amis Judith Laithier, Justin Paviot et Nicolas Kilhoffer mettront \u00e0 l\u2019honneur deux chefs-d\u2019\u0153uvre incontournables de la musique sacr\u00e9e\u00a0: le Double concerto en sol mineur RV 576 de Vivaldi et le Concerto pour hautbois en r\u00e9 mineur de Marcello , entrecoup\u00e9s d\u2019\u0153uvres en duo et pour orgue seul de Johann S\u00e9bastian Bach.<\/p>\n<p>Johann S\u00e9bastian Bach ne quitta presque jamais sa Saxe natale et, pourtant, \u00e9tait inform\u00e9 de tout ce qui se faisait en Europe. Il accordait, fort naturellement, une attention minutieuse aux innovations venues d\u2019Italie, berceau du style concertant, et insuffla dans son contrepoint g\u00e9nial les fulgurances transalpines, en particulier dans sa production pour clavier. Pour preuve, les partitions \u00e9crites d\u2019apr\u00e8s les V\u00e9nitiens Antonio Vivaldi et Benedetto Marcello, dans lesquelles Bach transcende tout par son g\u00e9nie polyphonique.<\/p>\n<p>Au c\u0153ur de l\u2019ambition de ces jeunes artistes, port\u00e9s par le caract\u00e8re atypique de leurs parcours respectifs\u00a0: l\u2019enthousiasme et le partage.<\/p>\n<p>Un orgue \u00ab particuli\u00e8rement adapt\u00e9\u00a0\u00bb<\/p>\n<p>Le <a href=\"https:\/\/www.dna.fr\/culture-loisirs\/2024\/07\/22\/l-organiste-nicolas-kilhoffer-a-enchante-le-public\" target=\"_blank\" rel=\"nofollow noopener\">jeune organiste Nicolas Kilhoffer<\/a>, jeune espoir de l\u2019orgue originaire de Saverne, se produira pour la deuxi\u00e8me fois sur le nouvel orgue Koenig dont la r\u00e9putation n\u2019est plus \u00e0 faire depuis son inauguration en d\u00e9cembre\u00a02023. Pour lui, \u00ab\u00a0cet instrument particuli\u00e8rement r\u00e9ussi m\u00eale po\u00e9sie et douceur et est particuli\u00e8rement adapt\u00e9 pour la musique de Jean-S\u00e9bastien Bach\u00a0\u00bb.<\/p>\n<p>\u00c0 l\u2019issue du concert, Nicolas Kilhoffer jouera les premi\u00e8res v\u00eapres du dimanche, office du soir qui, dans la tradition chr\u00e9tienne, est empreint d\u2019une grande solennit\u00e9.<\/p>\n<p class=\"note\">Samedi 11\u00a0octobre, \u00e0 17\u00a0h\u00a030. Couvent des Dominicains, 41 boulevard de la Victoire \u00e0 Strasbourg. Entr\u00e9e libre.<\/p>\n<p class=\"note\">https:\/\/nicolaskilhoffer.com\/trio-du-lev<\/p>\n","protected":false},"excerpt":{"rendered":"Samedi 11\u00a0octobre, le Trio du Levant pr\u00e9sentera un programme lumineux et contrast\u00e9, port\u00e9 par le dialogue entre le&hellip;\n","protected":false},"author":2,"featured_media":452628,"comment_status":"","ping_status":"","sticky":false,"template":"","format":"standard","meta":{"footnotes":""},"categories":[2820],"tags":[1111,11,1687,2880,1777,674,107,1011,27,775,873,12,25,640,2879],"class_list":{"0":"post-452627","1":"post","2":"type-post","3":"status-publish","4":"format-standard","5":"has-post-thumbnail","7":"category-strasbourg","8":"tag-actu","9":"tag-actualites","10":"tag-culture-loisirs","11":"tag-edition-strasbourg","12":"tag-eu","13":"tag-europe","14":"tag-fil-info","15":"tag-fr","16":"tag-france","17":"tag-grand-est","18":"tag-musique","19":"tag-news","20":"tag-republique-francaise","21":"tag-strasbourg","22":"tag-strasbourg-ville"},"share_on_mastodon":{"url":"https:\/\/pubeurope.com\/@fr\/115350169523149977","error":""},"_links":{"self":[{"href":"https:\/\/www.europesays.com\/fr\/wp-json\/wp\/v2\/posts\/452627","targetHints":{"allow":["GET"]}}],"collection":[{"href":"https:\/\/www.europesays.com\/fr\/wp-json\/wp\/v2\/posts"}],"about":[{"href":"https:\/\/www.europesays.com\/fr\/wp-json\/wp\/v2\/types\/post"}],"author":[{"embeddable":true,"href":"https:\/\/www.europesays.com\/fr\/wp-json\/wp\/v2\/users\/2"}],"replies":[{"embeddable":true,"href":"https:\/\/www.europesays.com\/fr\/wp-json\/wp\/v2\/comments?post=452627"}],"version-history":[{"count":0,"href":"https:\/\/www.europesays.com\/fr\/wp-json\/wp\/v2\/posts\/452627\/revisions"}],"wp:featuredmedia":[{"embeddable":true,"href":"https:\/\/www.europesays.com\/fr\/wp-json\/wp\/v2\/media\/452628"}],"wp:attachment":[{"href":"https:\/\/www.europesays.com\/fr\/wp-json\/wp\/v2\/media?parent=452627"}],"wp:term":[{"taxonomy":"category","embeddable":true,"href":"https:\/\/www.europesays.com\/fr\/wp-json\/wp\/v2\/categories?post=452627"},{"taxonomy":"post_tag","embeddable":true,"href":"https:\/\/www.europesays.com\/fr\/wp-json\/wp\/v2\/tags?post=452627"}],"curies":[{"name":"wp","href":"https:\/\/api.w.org\/{rel}","templated":true}]}}