{"id":452629,"date":"2025-10-10T13:44:21","date_gmt":"2025-10-10T13:44:21","guid":{"rendered":"https:\/\/www.europesays.com\/fr\/452629\/"},"modified":"2025-10-10T13:44:21","modified_gmt":"2025-10-10T13:44:21","slug":"dcmag-vous-donne-rendez-vous-a-strasbourg-le-16-octobre-pour-parler-proximite-et-futur-souverain-dcmag","status":"publish","type":"post","link":"https:\/\/www.europesays.com\/fr\/452629\/","title":{"rendered":"DCmag vous donne rendez-vous \u00e0 Strasbourg le 16 octobre pour parler proximit\u00e9 et futur souverain \u2013 DCmag"},"content":{"rendered":"<p>10 octobre 202510 octobre 2025<\/p>\n<p>Le 16 octobre se tiendra \u00e0 Strasbourg un \u00e9v\u00e9nement exceptionnel, un afterwork in\u00e9dit qui r\u00e9unira celles et ceux qui b\u00e2tissent une souverainet\u00e9 num\u00e9rique concr\u00e8te, locale, europ\u00e9enne.<\/p>\n<p>A l\u2019invitation de nLighten et de l\u2019\u00e9cosyst\u00e8me French Tech, chaque acteur qui sera pr\u00e9sent incarne une brique du futur souverain. Ensemble, ils traceront la carte d\u2019un nouveau mod\u00e8le \u2013 proche, r\u00e9silient, durable \u2013 d\u00e9claration d\u2019ind\u00e9pendance num\u00e9rique, port\u00e9e par Strasbourg, laboratoire vivant du num\u00e9rique souverain europ\u00e9en.<\/p>\n<p>\ud83d\udc49 Infos et inscription : <a href=\"https:\/\/lnkd.in\/efFpyVKQ\" rel=\"nofollow noopener\" target=\"_blank\"><strong>https:\/\/lnkd.in\/efFpyVKQ<\/strong><\/a><\/p>\n<p>Deux panels, anim\u00e9s par notre r\u00e9dacteur en chef Yves Grandmontagne, mettront \u00e0 l\u2019honneur \u00e0 Strasbourg les acteurs qui font du Grand Est un v\u00e9ritable laboratoire europ\u00e9en de la souverainet\u00e9 num\u00e9rique. Vous y retrouverez la French Tech Est et la French Tech Amsterdam, et des acteurs majeurs de l\u2019\u00e9cosyst\u00e8me : Ville et Eurom\u00e9tropole de Strasbourg, nLighten, R\u00e9seau Rosace Fibre, Losange Fibre, Mantle Technology, OCI Informatique &amp; Digital, IXP Strasbourg et la R\u00e9gion Grand Est.<\/p>\n<p>nLingten vous invitera \u00e9galement \u00e0 visiter son datacenter de Strasbourg.<\/p>\n<p>\ud83d\udcc5 Save the date \u2013 Oct 16, 2025 \u2013 De 18h00 \u00e0 22h00 \u2013 Data Center nLighten Strasbourg (Illkirch-Graffenstaden)<\/p>\n<p>\ud83d\udc49 Infos et inscription : <a href=\"https:\/\/lnkd.in\/efFpyVKQ\" rel=\"nofollow noopener\" target=\"_blank\"><strong>https:\/\/lnkd.in\/efFpyVKQ<\/strong><\/a><\/p>\n<p><img loading=\"lazy\" data-lazyloaded=\"1\" decoding=\"async\" width=\"1024\" height=\"1024\" src=\"https:\/\/www.europesays.com\/fr\/wp-content\/uploads\/2025\/10\/FrenchTech-nLingten-Strasbourg-1024x1024.jpeg\" alt=\"\" class=\"wp-image-32139\"  data-\/><\/p>\n<p>Ils prendront la parole aupr\u00e8s de Yves Grandmontagne pour DCmag \u2013 Datacenter Magazine : Mylena PIERREMONT (French Tech Amsterdam), Antoine PONCIN (French Tech Est), Anwar SALIBA et Christophe THIOUX (nLighten), Didier GUYON (Eurom\u00e9tropole de Strasbourg), Alain SOMMERLATT (R\u00e9seaux Rosace &amp; Losange), Pascal LEBLANC (Mantle Technologie), Arnaud WILLEM (IXP Strasbourg), Nicolas DIAMANTIDIS (OCI Group), Guillaume JOERGER (Grand Est).<\/p>\n<p>Seront \u00e9galement pr\u00e9sents : BioValley France, Grand Est D\u00e9veloppement, l\u2019Agence r\u00e9gionale des transformations (Grand E-Nov+), le r\u00e9seau Quest for change, le programme Nextmed Strasbourg, la CCI GRAND EST et bien d\u2019autres acteurs r\u00e9gionaux engag\u00e9s pour la souverainet\u00e9 et l\u2019innovation.<\/p>\n<p>\ud83d\udc49 Infos et inscription : <a href=\"https:\/\/lnkd.in\/efFpyVKQ\" rel=\"nofollow noopener\" target=\"_blank\"><strong>https:\/\/lnkd.in\/efFpyVKQ<\/strong><\/a><\/p>\n","protected":false},"excerpt":{"rendered":"10 octobre 202510 octobre 2025 Le 16 octobre se tiendra \u00e0 Strasbourg un \u00e9v\u00e9nement exceptionnel, un afterwork in\u00e9dit&hellip;\n","protected":false},"author":2,"featured_media":452630,"comment_status":"","ping_status":"","sticky":false,"template":"","format":"standard","meta":{"footnotes":""},"categories":[2820],"tags":[1111,11,1777,674,1011,27,775,12,25,640],"class_list":{"0":"post-452629","1":"post","2":"type-post","3":"status-publish","4":"format-standard","5":"has-post-thumbnail","7":"category-strasbourg","8":"tag-actu","9":"tag-actualites","10":"tag-eu","11":"tag-europe","12":"tag-fr","13":"tag-france","14":"tag-grand-est","15":"tag-news","16":"tag-republique-francaise","17":"tag-strasbourg"},"share_on_mastodon":{"url":"https:\/\/pubeurope.com\/@fr\/115350173999016473","error":""},"_links":{"self":[{"href":"https:\/\/www.europesays.com\/fr\/wp-json\/wp\/v2\/posts\/452629","targetHints":{"allow":["GET"]}}],"collection":[{"href":"https:\/\/www.europesays.com\/fr\/wp-json\/wp\/v2\/posts"}],"about":[{"href":"https:\/\/www.europesays.com\/fr\/wp-json\/wp\/v2\/types\/post"}],"author":[{"embeddable":true,"href":"https:\/\/www.europesays.com\/fr\/wp-json\/wp\/v2\/users\/2"}],"replies":[{"embeddable":true,"href":"https:\/\/www.europesays.com\/fr\/wp-json\/wp\/v2\/comments?post=452629"}],"version-history":[{"count":0,"href":"https:\/\/www.europesays.com\/fr\/wp-json\/wp\/v2\/posts\/452629\/revisions"}],"wp:featuredmedia":[{"embeddable":true,"href":"https:\/\/www.europesays.com\/fr\/wp-json\/wp\/v2\/media\/452630"}],"wp:attachment":[{"href":"https:\/\/www.europesays.com\/fr\/wp-json\/wp\/v2\/media?parent=452629"}],"wp:term":[{"taxonomy":"category","embeddable":true,"href":"https:\/\/www.europesays.com\/fr\/wp-json\/wp\/v2\/categories?post=452629"},{"taxonomy":"post_tag","embeddable":true,"href":"https:\/\/www.europesays.com\/fr\/wp-json\/wp\/v2\/tags?post=452629"}],"curies":[{"name":"wp","href":"https:\/\/api.w.org\/{rel}","templated":true}]}}