{"id":452634,"date":"2025-10-10T13:46:11","date_gmt":"2025-10-10T13:46:11","guid":{"rendered":"https:\/\/www.europesays.com\/fr\/452634\/"},"modified":"2025-10-10T13:46:11","modified_gmt":"2025-10-10T13:46:11","slug":"au-coeur-dune-controverse-sur-son-financement-le-maintien-du-college-musulman-avicenne-confirme-en-appel","status":"publish","type":"post","link":"https:\/\/www.europesays.com\/fr\/452634\/","title":{"rendered":"au c\u0153ur d\u2019une controverse sur son financement, le maintien du coll\u00e8ge musulman Avicenne confirm\u00e9 en appel"},"content":{"rendered":"<p>\n    Les anciens pr\u00e9fets des Alpes-Maritimes et ministre de l\u2019\u00c9ducation nationale avaient voulu fermer cet \u00e9tablissement hors contrat en raison de suspicions sur les sources de financement.<\/p>\n<p class=\"fig-paragraph\">La cour administrative d\u2019appel de Marseille a confirm\u00e9 vendredi l\u2019annulation de l\u2019arr\u00eat\u00e9 pr\u00e9fectoral ordonnant la fermeture\u00a0<a href=\"http:\/\/www.lefigaro.fr\/nice\/nice-ce-que-l-on-sait-du-college-prive-musulman-avicenne-menace-de-fermeture-20240226\" data-fig-type=\"NewsFlash\" data-gtm-custom-categorie=\"navigation\" data-gtm-custom-action=\"crossclick\" data-gtm-custom-label=\"Contextuel\" data-gtm-event=\"customEventSPE\" data-fig-domain=\"LEFIGARO\" target=\"_blank\" rel=\"noopener\">du coll\u00e8ge musulman Avicenne \u00e0 Nice<\/a>\u00a0(Alpes-Maritimes), estimant comme en premi\u00e8re instance que les erreurs de comptabilit\u00e9 ne justifiaient pas une mesure si radicale. \u00abC\u2019est la troisi\u00e8me victoire cons\u00e9cutive pour Avicenne. Nous esp\u00e9rons que l\u2019acharnement contre ce coll\u00e8ge cessera d\u00e9finitivement\u00bb, a r\u00e9agi Me Sefen Guez Guez, avocat de l\u2019\u00e9tablissement hors contrat ouvert en 2016 dans un quartier d\u00e9favoris\u00e9 du nord-est de Nice et accueillant aujourd\u2019hui 130 \u00e9l\u00e8ves.<\/p>\n<p class=\"fig-paragraph\">L\u2019arr\u00eat\u00e9 de fermeture, sign\u00e9 en mars 2024, a d\u2019abord \u00e9t\u00e9\u00a0<a href=\"http:\/\/www.lefigaro.fr\/nice\/nice-la-justice-suspend-l-arrete-de-fermeture-du-college-musulman-suspecte-de-financement-opaque-20240419\" data-fig-type=\"NewsFlash\" data-gtm-custom-categorie=\"navigation\" data-gtm-custom-action=\"crossclick\" data-gtm-custom-label=\"Contextuel\" data-gtm-event=\"customEventSPE\" data-fig-domain=\"LEFIGARO\" target=\"_blank\" rel=\"noopener\">suspendu en r\u00e9f\u00e9r\u00e9<\/a>\u00a0un mois plus tard par le tribunal administratif de Nice,\u00a0<a href=\"http:\/\/www.lefigaro.fr\/nice\/la-justice-annule-sur-le-fond-l-arrete-de-fermeture-du-college-musulman-de-nice-20240702\" data-fig-type=\"NewsFlash\" data-gtm-custom-categorie=\"navigation\" data-gtm-custom-action=\"crossclick\" data-gtm-custom-label=\"Contextuel\" data-gtm-event=\"customEventSPE\" data-fig-domain=\"LEFIGARO\" target=\"_blank\" rel=\"noopener\">puis annul\u00e9 en juillet 2024<\/a>\u00a0par le m\u00eame tribunal apr\u00e8s examen sur le fond. La d\u00e9cision de fermer Avicenne avait \u00e9t\u00e9\u00a0<a href=\"http:\/\/www.lefigaro.fr\/nice\/nicole-belloubet-veut-fermer-un-college-prive-musulman-de-nice-en-raison-d-un-financement-opaque-20240226\" data-fig-type=\"NewsFlash\" data-gtm-custom-categorie=\"navigation\" data-gtm-custom-action=\"crossclick\" data-gtm-custom-label=\"Contextuel\" data-gtm-event=\"customEventSPE\" data-fig-domain=\"LEFIGARO\" target=\"_blank\" rel=\"noopener\">annonc\u00e9e le 26 f\u00e9vrier 2024 par Nicole Belloubet<\/a>, alors ministre de l\u2019\u00c9ducation nationale, puis ordonn\u00e9e en mars de la m\u00eame ann\u00e9e par\u00a0<a href=\"http:\/\/www.lefigaro.fr\/actualite-france\/bras-arme-de-bruno-retailleau-le-prefet-hugues-moutouh-remonte-sur-le-ring-pour-secouer-le-cocotier-20250609\" data-fig-type=\"Article\" data-gtm-custom-categorie=\"navigation\" data-gtm-custom-action=\"crossclick\" data-gtm-custom-label=\"Contextuel\" data-gtm-event=\"customEventSPE\" data-fig-domain=\"LEFIGARO\" target=\"_blank\" rel=\"noopener\">Hugues Moutouh<\/a>, alors pr\u00e9fet des Alpes-Maritimes.<\/p>\n<p>                                    <a class=\"fig-a11y-skip a11y-hidden\" href=\"#fig-a11y-skip-main-inarticle\"><br \/>\n        Passer la publicit\u00e9<br \/>\n    <\/a><\/p>\n<p class=\"fig-paragraph\">Les autorit\u00e9s ne remettent pas en cause la qualit\u00e9 de l\u2019enseignement prodigu\u00e9, confirm\u00e9 par la r\u00e9ussite des \u00e9l\u00e8ves au brevet puis dans les lyc\u00e9es publics. Les \u00e9l\u00e8ves y suivent le programme officiel, avec en plus 1h30 de langue arabe et 1h30 d\u2019\u00e9thique musulmane. Les tenues vestimentaires sont tr\u00e8s diverses et les enseignants de toutes confessions.<\/p>\n<p>Manque d\u2019informations sur le financement<\/p>\n<p class=\"fig-paragraph\">Mais la loi de 2021 contre le s\u00e9paratisme oblige les \u00e9tablissements hors contrat \u00e0 informer l\u2019administration de l\u2019origine de leurs financements, et l\u2019association Avicenne, \u00e9manation de l\u2019Union des musulmans des Alpes-Maritimes (Umam),\u00a0<a href=\"http:\/\/www.lefigaro.fr\/nice\/nice-le-college-musulman-avicenne-reconnait-des-erreurs-mais-denonce-un-acharnement-concernant-sa-fermeture-20240416\" data-fig-type=\"NewsFlash\" data-gtm-custom-categorie=\"navigation\" data-gtm-custom-action=\"crossclick\" data-gtm-custom-label=\"Contextuel\" data-gtm-event=\"customEventSPE\" data-fig-domain=\"LEFIGARO\" target=\"_blank\" rel=\"noopener\">a t\u00e2tonn\u00e9 pour r\u00e9pondre aux demandes<\/a>.<\/p>\n<p class=\"fig-paragraph\">Dans son arr\u00eat\u00e9 de fermeture, la pr\u00e9fecture avait aussi point\u00e9 des discordances autour de pr\u00eats transform\u00e9s en un don d\u2019un total de 476.000 euros en faveur du coll\u00e8ge. Ou encore un pr\u00eat accord\u00e9 par le coll\u00e8ge \u00e0 l\u2019un de ses donateurs. Comme le tribunal administratif de Nice, les juges d\u2019appel ont estim\u00e9 que la fermeture d\u00e9finitive du coll\u00e8ge \u00e9tait \u00abdisproportionn\u00e9e\u00bb, compte tenu \u00abde la faible importance des erreurs et impr\u00e9cisions\u00bb de l\u2019association et du fait que le pr\u00e9fet avait la possibilit\u00e9 d\u2019opter pour une fermeture temporaire.<\/p>\n<p class=\"fig-paragraph\">Le coll\u00e8ge assure pour sa part chercher \u00e0 se conformer \u00e0 toutes les exigences de transparence et r\u00e9clame en vain depuis plusieurs ann\u00e9es\u00a0<a href=\"http:\/\/www.lefigaro.fr\/nice\/le-college-musulman-de-nice-insiste-pour-passer-sous-contrat-avec-l-education-nationale-20240812\" data-fig-type=\"NewsFlash\" data-gtm-custom-categorie=\"navigation\" data-gtm-custom-action=\"crossclick\" data-gtm-custom-label=\"Contextuel\" data-gtm-event=\"customEventSPE\" data-fig-domain=\"LEFIGARO\" target=\"_blank\" rel=\"noopener\">\u00e0 passer sous contrat<\/a>\u00a0avec l\u2019\u00c9tat fran\u00e7ais, ce qui simplifierait son financement et impliquerait un contr\u00f4le plus \u00e9tendu des autorit\u00e9s publiques.<\/p>\n","protected":false},"excerpt":{"rendered":"Les anciens pr\u00e9fets des Alpes-Maritimes et ministre de l\u2019\u00c9ducation nationale avaient voulu fermer cet \u00e9tablissement hors contrat en&hellip;\n","protected":false},"author":2,"featured_media":452635,"comment_status":"","ping_status":"","sticky":false,"template":"","format":"standard","meta":{"footnotes":""},"categories":[2819],"tags":[1111,11,1124,1126,1777,674,1011,27,28052,12,2401,882,25],"class_list":{"0":"post-452634","1":"post","2":"type-post","3":"status-publish","4":"format-standard","5":"has-post-thumbnail","7":"category-nice","8":"tag-actu","9":"tag-actualites","10":"tag-college","11":"tag-education-nationale","12":"tag-eu","13":"tag-europe","14":"tag-fr","15":"tag-france","16":"tag-musulman","17":"tag-news","18":"tag-nice","19":"tag-provence-alpes-cote-dazur","20":"tag-republique-francaise"},"share_on_mastodon":{"url":"https:\/\/pubeurope.com\/@fr\/115350181215035075","error":""},"_links":{"self":[{"href":"https:\/\/www.europesays.com\/fr\/wp-json\/wp\/v2\/posts\/452634","targetHints":{"allow":["GET"]}}],"collection":[{"href":"https:\/\/www.europesays.com\/fr\/wp-json\/wp\/v2\/posts"}],"about":[{"href":"https:\/\/www.europesays.com\/fr\/wp-json\/wp\/v2\/types\/post"}],"author":[{"embeddable":true,"href":"https:\/\/www.europesays.com\/fr\/wp-json\/wp\/v2\/users\/2"}],"replies":[{"embeddable":true,"href":"https:\/\/www.europesays.com\/fr\/wp-json\/wp\/v2\/comments?post=452634"}],"version-history":[{"count":0,"href":"https:\/\/www.europesays.com\/fr\/wp-json\/wp\/v2\/posts\/452634\/revisions"}],"wp:featuredmedia":[{"embeddable":true,"href":"https:\/\/www.europesays.com\/fr\/wp-json\/wp\/v2\/media\/452635"}],"wp:attachment":[{"href":"https:\/\/www.europesays.com\/fr\/wp-json\/wp\/v2\/media?parent=452634"}],"wp:term":[{"taxonomy":"category","embeddable":true,"href":"https:\/\/www.europesays.com\/fr\/wp-json\/wp\/v2\/categories?post=452634"},{"taxonomy":"post_tag","embeddable":true,"href":"https:\/\/www.europesays.com\/fr\/wp-json\/wp\/v2\/tags?post=452634"}],"curies":[{"name":"wp","href":"https:\/\/api.w.org\/{rel}","templated":true}]}}