{"id":452638,"date":"2025-10-10T13:48:14","date_gmt":"2025-10-10T13:48:14","guid":{"rendered":"https:\/\/www.europesays.com\/fr\/452638\/"},"modified":"2025-10-10T13:48:14","modified_gmt":"2025-10-10T13:48:14","slug":"un-ado-de-16-ans-arrete-apres-setre-frotte-contre-une-femme-dans-le-tram","status":"publish","type":"post","link":"https:\/\/www.europesays.com\/fr\/452638\/","title":{"rendered":"un ado de 16 ans arr\u00eat\u00e9 apr\u00e8s s&rsquo;\u00eatre frott\u00e9 contre une femme dans le tram"},"content":{"rendered":"<p>            Par<br \/>\n        <strong><br \/>\n            <a href=\"https:\/\/actu.fr\/auteur\/laure-gentil\" title=\"Consulter tous les articles de Laure Gentil\" target=\"_blank\" rel=\"noopener\">Laure Gentil<\/a><br \/>\n        <\/strong><\/p>\n<p>        Publi\u00e9 le<\/p>\n<p>            10 oct. 2025 \u00e0 14h37        <\/p>\n<p>La<strong> brigade anticriminalit\u00e9 <\/strong>(Bac) de Nantes \u00e9tait en patrouille lorsqu\u2019elle a aper\u00e7u une femme victime d\u2019une agression sexuelle alors qu\u2019elle montait dans le tram, ce jeudi 9 octobre, vers 18h. Un <strong>adolescent de 16 ans<\/strong> \u00e9tait en train de la suivre. Il a \u00e9t\u00e9 interpell\u00e9 dans le centre-ville, pr\u00e8s de l\u2019arr\u00eat Commerce.<\/p>\n<p>Mineur isol\u00e9<\/p>\n<p class=\" wall-content\">Selon une source polici\u00e8re, l\u2019agresseur, un mineur isol\u00e9, a suivi la victime dans le tram et s\u2019est frott\u00e9 contre elle. Il a continu\u00e9 \u00e0 la suivre avant de tourner son attention sur une autre femme. La police a r\u00e9ussi \u00e0 l\u2019arr\u00eater <strong>rue de la Barillerie<\/strong> et a contact\u00e9 la premi\u00e8re victime. Celle-ci a port\u00e9 plainte. L\u2019agresseur a \u00e9t\u00e9<strong> plac\u00e9 en garde \u00e0 vue <\/strong>au commissariat Waldeck Rousseau.<\/p>\n<p class=\" wall-content\">Personnalisez votre actualit\u00e9 en ajoutant vos villes et m\u00e9dias en favori avec <a href=\"https:\/\/moncompte.actu.fr\" title=\"D\u00e9couvez Mon Actu\" rel=\"nofollow noopener\" data-trk=\"{&quot;cta&quot;:{&quot;action&quot;:&quot;https:\\\/\\\/moncompte.actu.fr&quot;,&quot;category&quot;:&quot;mon compte&quot;,&quot;from&quot;:&quot;article footer&quot;,&quot;name&quot;:&quot;Mon actu&quot;,&quot;type&quot;:&quot;cta&quot;}}\" target=\"_blank\">Mon Actu<\/a>.<\/p>\n","protected":false},"excerpt":{"rendered":"Par Laure Gentil Publi\u00e9 le 10 oct. 2025 \u00e0 14h37 La brigade anticriminalit\u00e9 (Bac) de Nantes \u00e9tait en&hellip;\n","protected":false},"author":2,"featured_media":452639,"comment_status":"","ping_status":"","sticky":false,"template":"","format":"standard","meta":{"footnotes":""},"categories":[2818],"tags":[1111,11,1777,674,118,1011,27,766,12,2636,1072,25,799],"class_list":{"0":"post-452638","1":"post","2":"type-post","3":"status-publish","4":"format-standard","5":"has-post-thumbnail","7":"category-nantes","8":"tag-actu","9":"tag-actualites","10":"tag-eu","11":"tag-europe","12":"tag-faits-divers","13":"tag-fr","14":"tag-france","15":"tag-nantes","16":"tag-news","17":"tag-pays-de-la-loire","18":"tag-police","19":"tag-republique-francaise","20":"tag-violences-sexuelles"},"share_on_mastodon":{"url":"https:\/\/pubeurope.com\/@fr\/115350189175105097","error":""},"_links":{"self":[{"href":"https:\/\/www.europesays.com\/fr\/wp-json\/wp\/v2\/posts\/452638","targetHints":{"allow":["GET"]}}],"collection":[{"href":"https:\/\/www.europesays.com\/fr\/wp-json\/wp\/v2\/posts"}],"about":[{"href":"https:\/\/www.europesays.com\/fr\/wp-json\/wp\/v2\/types\/post"}],"author":[{"embeddable":true,"href":"https:\/\/www.europesays.com\/fr\/wp-json\/wp\/v2\/users\/2"}],"replies":[{"embeddable":true,"href":"https:\/\/www.europesays.com\/fr\/wp-json\/wp\/v2\/comments?post=452638"}],"version-history":[{"count":0,"href":"https:\/\/www.europesays.com\/fr\/wp-json\/wp\/v2\/posts\/452638\/revisions"}],"wp:featuredmedia":[{"embeddable":true,"href":"https:\/\/www.europesays.com\/fr\/wp-json\/wp\/v2\/media\/452639"}],"wp:attachment":[{"href":"https:\/\/www.europesays.com\/fr\/wp-json\/wp\/v2\/media?parent=452638"}],"wp:term":[{"taxonomy":"category","embeddable":true,"href":"https:\/\/www.europesays.com\/fr\/wp-json\/wp\/v2\/categories?post=452638"},{"taxonomy":"post_tag","embeddable":true,"href":"https:\/\/www.europesays.com\/fr\/wp-json\/wp\/v2\/tags?post=452638"}],"curies":[{"name":"wp","href":"https:\/\/api.w.org\/{rel}","templated":true}]}}