{"id":452640,"date":"2025-10-10T13:49:11","date_gmt":"2025-10-10T13:49:11","guid":{"rendered":"https:\/\/www.europesays.com\/fr\/452640\/"},"modified":"2025-10-10T13:49:11","modified_gmt":"2025-10-10T13:49:11","slug":"pratiquement-un-an-apres-son-depart-pour-lauvergne-une-rame-renovee-du-tram-bientot-sur-les-rails","status":"publish","type":"post","link":"https:\/\/www.europesays.com\/fr\/452640\/","title":{"rendered":"pratiquement un an apr\u00e8s son d\u00e9part pour l&rsquo;Auvergne, une rame r\u00e9nov\u00e9e du tram bient\u00f4t sur les rails"},"content":{"rendered":"<p>            Par<br \/>\n        <strong><br \/>\n            <a href=\"https:\/\/actu.fr\/auteur\/charlotte-lesprit\" title=\"Consulter tous les articles de Charlotte Lesprit\" rel=\"nofollow noopener\" target=\"_blank\">Charlotte Lesprit<\/a><br \/>\n        <\/strong><\/p>\n<p>        Publi\u00e9 le<\/p>\n<p>            10 oct. 2025 \u00e0 13h26        <\/p>\n<p>La premi\u00e8re rame de tramway enti\u00e8rement r\u00e9nov\u00e9e vient de r\u00e9int\u00e9grer les d\u00e9p\u00f4ts de TBM, apr\u00e8s <a href=\"https:\/\/actu.fr\/nouvelle-aquitaine\/bordeaux_33063\/pourquoi-la-moitie-des-rames-de-tramway-de-bordeaux-vont-etre-acheminees-vers-clermont-ferrand_61734500.html\" rel=\"nofollow noopener\" target=\"_blank\">un chantier de modernisation men\u00e9 \u00e0 Clermont-Ferrand,<\/a> dans le Puy-de-D\u00f4me.<\/p>\n<p class=\" wall-content\">Pendant <strong>onze mois<\/strong>, elle a fait l\u2019objet de r\u00e9visions techniques approfondies\u2009: entre r\u00e9vision de la cha\u00eene de traction, connecteurs \u00e9lectriques, structure de la rame, espace voyageurs ou encore \u00e9clairage. Une modernisation compl\u00e8te qui a permis d\u2019aboutir \u00e0 l\u2019homologation par l\u2019Organisme Qualifi\u00e9 Agr\u00e9\u00e9 (OQA) pour la remise en circulation des<strong> cinq premi\u00e8res rames r\u00e9nov\u00e9es<\/strong> sur le r\u00e9seau.<\/p>\n<p>Une phase de tests<\/p>\n<p class=\" wall-content\">Actuellement au<strong> d\u00e9p\u00f4t TBM de la Bastide<\/strong>, la rame qui doit \u00eatre rassembl\u00e9e suit tout le mois d\u2019octobre des essais selon un protocole pr\u00e9cis. Novembre marquera le retour de la deuxi\u00e8me rame r\u00e9nov\u00e9e et le d\u00e9part de la quatri\u00e8me.<\/p>\n<p class=\" wall-content\">Une fois les deux premi\u00e8res rames remises en service sur le r\u00e9seau, TBM attend l\u2019homologation finale du Service Technique des Remont\u00e9es M\u00e9caniques et des Transports Guid\u00e9s (STRMTG) pour dix ann\u00e9es suppl\u00e9mentaires rallongeant ainsi la dur\u00e9e de vie<strong> de 30 \u00e0 40\u00a0ans<\/strong>. Un verdict qui devrait tomber au printemps 2026.<\/p>\n<p>    <img   decoding=\"async\" loading=\"lazy\" src=\"https:\/\/www.europesays.com\/fr\/wp-content\/uploads\/2025\/10\/552644595-1151075559689291-1259698441062117906-n-960x640.jpg\" alt=\"d\u00e9p\u00f4t Bastide \" width=\"960\" height=\"640\"\/><br \/>\n    Une rame de tram au d\u00e9p\u00f4t de la Bastide. (\u00a9Archives actu Bordeaux \/ Julian Doubax)R\u00e9nover 62 rames sur les 130 du r\u00e9seau<\/p>\n<p class=\" wall-content\">\u00c0 partir de juin\u00a02026, c\u2019est un v\u00e9ritable ballet ferroviaire qui s\u2019organise entre Bordeaux et l\u2019Auvergne. Une rame du r\u00e9seau TBM partira <strong>toutes les trois semaines<\/strong> en direction des ateliers de modernisation, pendant qu\u2019une autre, tout juste reconditionn\u00e9e, reviendra sur les rails de la m\u00e9tropole bordelaise.<\/p>\n<p class=\" wall-content\">L\u2019objectif est ambitieux\u2009: d\u2019ici \u00e0 2030, 62 des 130 rames actuellement en service seront enti\u00e8rement r\u00e9nov\u00e9es. Un chantier motiv\u00e9 par<strong> des raisons \u00e9conomiques<\/strong>\u2009: moderniser une rame co\u00fbterait, selon TBM, \u00ab\u2009huit fois moins cher que l\u2019achat d\u2019une rame neuve\u2009\u00bb.<\/p>\n<p class=\" wall-content\">Personnalisez votre actualit\u00e9 en ajoutant vos villes et m\u00e9dias en favori avec <a href=\"https:\/\/moncompte.actu.fr\" title=\"D\u00e9couvez Mon Actu\" rel=\"nofollow noopener\" data-trk=\"{&quot;cta&quot;:{&quot;action&quot;:&quot;https:\\\/\\\/moncompte.actu.fr&quot;,&quot;category&quot;:&quot;mon compte&quot;,&quot;from&quot;:&quot;article footer&quot;,&quot;name&quot;:&quot;Mon actu&quot;,&quot;type&quot;:&quot;cta&quot;}}\" target=\"_blank\">Mon Actu<\/a>.<\/p>\n","protected":false},"excerpt":{"rendered":"Par Charlotte Lesprit Publi\u00e9 le 10 oct. 2025 \u00e0 13h26 La premi\u00e8re rame de tramway enti\u00e8rement r\u00e9nov\u00e9e vient&hellip;\n","protected":false},"author":2,"featured_media":452641,"comment_status":"","ping_status":"","sticky":false,"template":"","format":"standard","meta":{"footnotes":""},"categories":[2817],"tags":[1111,11,1997,2904,1777,674,1011,27,12,2219,25,104,7952,2803],"class_list":{"0":"post-452640","1":"post","2":"type-post","3":"status-publish","4":"format-standard","5":"has-post-thumbnail","7":"category-bordeaux","8":"tag-actu","9":"tag-actualites","10":"tag-bordeaux","11":"tag-bordeaux-metropole","12":"tag-eu","13":"tag-europe","14":"tag-fr","15":"tag-france","16":"tag-news","17":"tag-nouvelle-aquitaine","18":"tag-republique-francaise","19":"tag-societe","20":"tag-tbm","21":"tag-transport"},"share_on_mastodon":{"url":"https:\/\/pubeurope.com\/@fr\/115350193559179060","error":""},"_links":{"self":[{"href":"https:\/\/www.europesays.com\/fr\/wp-json\/wp\/v2\/posts\/452640","targetHints":{"allow":["GET"]}}],"collection":[{"href":"https:\/\/www.europesays.com\/fr\/wp-json\/wp\/v2\/posts"}],"about":[{"href":"https:\/\/www.europesays.com\/fr\/wp-json\/wp\/v2\/types\/post"}],"author":[{"embeddable":true,"href":"https:\/\/www.europesays.com\/fr\/wp-json\/wp\/v2\/users\/2"}],"replies":[{"embeddable":true,"href":"https:\/\/www.europesays.com\/fr\/wp-json\/wp\/v2\/comments?post=452640"}],"version-history":[{"count":0,"href":"https:\/\/www.europesays.com\/fr\/wp-json\/wp\/v2\/posts\/452640\/revisions"}],"wp:featuredmedia":[{"embeddable":true,"href":"https:\/\/www.europesays.com\/fr\/wp-json\/wp\/v2\/media\/452641"}],"wp:attachment":[{"href":"https:\/\/www.europesays.com\/fr\/wp-json\/wp\/v2\/media?parent=452640"}],"wp:term":[{"taxonomy":"category","embeddable":true,"href":"https:\/\/www.europesays.com\/fr\/wp-json\/wp\/v2\/categories?post=452640"},{"taxonomy":"post_tag","embeddable":true,"href":"https:\/\/www.europesays.com\/fr\/wp-json\/wp\/v2\/tags?post=452640"}],"curies":[{"name":"wp","href":"https:\/\/api.w.org\/{rel}","templated":true}]}}