{"id":452648,"date":"2025-10-10T13:54:15","date_gmt":"2025-10-10T13:54:15","guid":{"rendered":"https:\/\/www.europesays.com\/fr\/452648\/"},"modified":"2025-10-10T13:54:15","modified_gmt":"2025-10-10T13:54:15","slug":"the-weeknd-annonce-une-quatrieme-date-au-stade-de-france-et-une-en-plus-a-lille","status":"publish","type":"post","link":"https:\/\/www.europesays.com\/fr\/452648\/","title":{"rendered":"The Weeknd annonce une quatri\u00e8me date au Stade de France et une en plus \u00e0 Lille"},"content":{"rendered":"<p>\n    Le chanteur canadien se produira les 8, 10, 11 et 12 juillet dans l\u2019enceinte de Saint-Denis, o\u00f9 il pourrait \u00e9galer le record du nombre de spectateurs d\u00e9tenu par Coldplay, et le 3 juillet au stade Pierre-Mauroy.<\/p>\n<p class=\"fig-paragraph\">La course aux Stade de France bat son plein. Depuis quelques semaines, pl\u00e9thore d\u2019artistes en tout genre annoncent des dates, parfois plusieurs, dans l\u2019enceinte de Saint-Denis pour l\u2019ann\u00e9e prochaine. Le chanteur congolais\u00a0<a href=\"http:\/\/www.lefigaro.fr\/musique\/la-star-congolaise-fally-ipupa-se-produira-au-stade-de-france-en-2026-20251002\" data-fig-type=\"Article\" data-gtm-custom-categorie=\"navigation\" data-gtm-custom-action=\"crossclick\" data-gtm-custom-label=\"Contextuel\" data-gtm-event=\"customEventSPE\" data-fig-domain=\"LEFIGARO\" target=\"_blank\" rel=\"noopener\">Fally Ipupa<\/a>\u00a0en compte pour le moment une seule.\u00a0<a href=\"http:\/\/www.lefigaro.fr\/culture\/plk-annonce-son-premier-concert-au-stade-de-france-en-septembre-2026-20250916\" data-fig-type=\"Article\" data-gtm-custom-categorie=\"navigation\" data-gtm-custom-action=\"crossclick\" data-gtm-custom-label=\"Contextuel\" data-gtm-event=\"customEventSPE\" data-fig-domain=\"LEFIGARO\" target=\"_blank\" rel=\"noopener\">Le rappeur PLK<\/a>, lui, en a d\u00e9j\u00e0 rempli deux. De son c\u00f4t\u00e9,\u00a0<a href=\"http:\/\/www.lefigaro.fr\/musique\/david-guetta-promet-le-concert-le-plus-ambitieux-de-sa-carriere-au-stade-de-france-en-juin-2026-20250915\" data-fig-type=\"Article\" data-gtm-custom-categorie=\"navigation\" data-gtm-custom-action=\"crossclick\" data-gtm-custom-label=\"Contextuel\" data-gtm-event=\"customEventSPE\" data-fig-domain=\"LEFIGARO\" target=\"_blank\" rel=\"noopener\">David Guetta<\/a>\u00a0a annonc\u00e9 avoir vendu l\u2019int\u00e9gralit\u00e9 des billets pour ses concerts les 11, 12 et 13 juin 2026. Le DJ fran\u00e7ais ne pensait s\u00fbrement pas \u00eatre d\u00e9tr\u00f4n\u00e9. Mais finalement, le grand gagnant se nomme\u00a0<a href=\"http:\/\/www.lefigaro.fr\/culture\/the-weeknd-offre-1-8-million-d-euros-pour-l-approvisionnement-des-habitants-de-gaza-20240502\" data-fig-type=\"Article\" data-gtm-custom-categorie=\"navigation\" data-gtm-custom-action=\"crossclick\" data-gtm-custom-label=\"Contextuel\" data-gtm-event=\"customEventSPE\" data-fig-domain=\"LEFIGARO\" target=\"_blank\" rel=\"noopener\">The Weeknd<\/a>.<\/p>\n<p class=\"fig-paragraph\">Le chanteur de RnB vient d\u2019annoncer une quatri\u00e8me et probable derni\u00e8re date au Stade de France pour le 8 juillet, en plus de<a href=\"http:\/\/www.lefigaro.fr\/musique\/face-au-succes-de-la-billetterie-lors-des-preventes-the-weeknd-ajoute-une-date-au-stade-de-france-20250909\" data-fig-type=\"Article\" data-gtm-custom-categorie=\"navigation\" data-gtm-custom-action=\"crossclick\" data-gtm-custom-label=\"Contextuel\" data-gtm-event=\"customEventSPE\" data-fig-domain=\"LEFIGARO\" target=\"_blank\" rel=\"noopener\">\u00a0celles d\u00e9j\u00e0 pr\u00e9vues les 10, 11 et 12<\/a>, o\u00f9 il jouera les derniers concerts de sa tourn\u00e9e mondiale After Hours Til Dawn. D\u00e9j\u00e0 pass\u00e9 \u00e0 deux reprises par cette sc\u00e8ne en 2023, devant pr\u00e8s de 160\u00a0000 personnes, il devrait, cette fois, faire le bonheur de plus de 320\u00a0000 fans, soit autant de monde que lors des quatre repr\u00e9sentations de Coldplay en 2022, un record \u00e0 l\u2019\u00e9poque.<\/p>\n<p>                                    <a class=\"fig-a11y-skip a11y-hidden\" href=\"#fig-a11y-skip-main-inarticle\"><br \/>\n        Passer la publicit\u00e9<br \/>\n    <\/a><\/p>\n<p class=\"fig-paragraph\">L\u2019artiste canadien, \u00e2g\u00e9 de 35 ans, se produira aux c\u00f4t\u00e9s de Playboi Carti, annonc\u00e9 en premi\u00e8re partie du show, pour d\u00e9fendre<a href=\"http:\/\/www.lefigaro.fr\/musique\/incendies-a-los-angeles-the-weeknd-repousse-la-sortie-de-son-nouvel-album-20250115\" data-fig-type=\"Article\" data-gtm-custom-categorie=\"navigation\" data-gtm-custom-action=\"crossclick\" data-gtm-custom-label=\"Contextuel\" data-gtm-event=\"customEventSPE\" data-fig-domain=\"LEFIGARO\" target=\"_blank\" rel=\"noopener\">\u00a0son sixi\u00e8me album studio Hurry Up Tomorrow<\/a>, au rythme tr\u00e8s disco des ann\u00e9es 1980. Ce disque, \u00e9coul\u00e9 \u00e0 450\u00a0000 exemplaires en premi\u00e8re semaine lors de sa sortie en janvier dernier, a inspir\u00e9 un film \u00e9ponyme du r\u00e9alisateur Trey Edward Shults. Abel Tesfaye, nom \u00e0 la ville de The Weeknd, y interpr\u00e8te son propre r\u00f4le. Le long-m\u00e9trage, exploit\u00e9 sur deux week-ends aux \u00c9tats-Unis, a enregistr\u00e9 plus de 4 millions de dollars au box-office. En France, pr\u00e8s de 60\u00a0000 personnes se sont rendues dans les salles de cin\u00e9ma pour le visionner.<\/p>\n<p class=\"fig-paragraph\"><strong>The Weeknd\u00a0&#8211;\u00a0<\/strong><strong>Blinding Lights<\/strong> <strong>\u00a0(2020)<\/strong><\/p>\n<p>Une date \u00e0 Lille le 3 juillet 2026<\/p>\n<p class=\"fig-paragraph\">D\u2019autres dates ont \u00e9galement \u00e9t\u00e9 ajout\u00e9es \u00e0 la tourn\u00e9e europ\u00e9enne de l\u2019auteur du tube Blinding Lights. Ce dernier investira, pour le plus grand plaisir de ses fans nordistes, le Stade Pierre Mauroy de Lille le 3 juillet 2026, enceinte prestigieuse qui a vu passer Rihanna, Imagine Dragons,\u00a0<a href=\"http:\/\/www.lefigaro.fr\/musique\/avec-play-ed-sheeran-propose-un-trip-musical-et-romantique-qui-fait-oublier-les-errements-d-automn-variations-20250912\" data-fig-type=\"NewsFlash\" data-gtm-custom-categorie=\"navigation\" data-gtm-custom-action=\"crossclick\" data-gtm-custom-label=\"Contextuel\" data-gtm-event=\"customEventSPE\" data-fig-domain=\"LEFIGARO\" target=\"_blank\" rel=\"noopener\">Ed Sheeran<\/a>\u00a0et\u00a0<a href=\"http:\/\/www.lefigaro.fr\/musique\/a-lille-bruce-springsteen-renouvelle-ses-attaques-contre-donald-trump-corrompu-et-incompetent-20250527\" data-fig-type=\"Article\" data-gtm-custom-categorie=\"navigation\" data-gtm-custom-action=\"crossclick\" data-gtm-custom-label=\"Contextuel\" data-gtm-event=\"customEventSPE\" data-fig-domain=\"LEFIGARO\" target=\"_blank\" rel=\"noopener\">Bruce Springsteen<\/a>\u00a0dans ses trav\u00e9es. Nice accueillera \u00e9galement le chanteur canadien \u00e0 deux reprises dans son Allianz Arena, les 21 et 22 juillet. Les \u00e9quipes de l\u2019artiste le plus \u00e9cout\u00e9 au monde actuellement indiquent qu\u2019\u00ab\u00a0en raison de la forte demande, sept nouveaux concerts en Europe et au Royaume-Uni ont \u00e9t\u00e9 ajout\u00e9s \u00e0 la tourn\u00e9e\u00a0\u00bb.\u00a0<\/p>\n<p class=\"fig-body-link\">\n            \u00c0 lire aussi<br \/>\n        <a class=\"fig-body-link__link fig-premium-mark\" href=\"http:\/\/www.lefigaro.fr\/musique\/beyonce-embrasse-la-country-au-stade-de-france-dans-une-amerique-dechiree-20250622\" target=\"_blank\" data-fig-type=\"Article\" rel=\"noopener\" data-gtm-custom-categorie=\"navigation\" data-gtm-custom-action=\"crossclick\" data-gtm-custom-label=\"Contextuel\" data-gtm-event=\"customEventSPE\" data-fig-domain=\"LEFIGARO\">Beyonc\u00e9 embrasse la country au Stade de France, dans une Am\u00e9rique d\u00e9chir\u00e9e<br \/>\n    <\/a>\n<\/p>\n<p class=\"fig-paragraph\">Les spectateurs fran\u00e7ais se sont, en effet, ru\u00e9s sur la billetterie pour se procurer les places au Stade de France et \u00e0 l\u2019Allianz Riviera. Les trois dates parisiennes ont affich\u00e9 \u00ab\u00a0complet\u00a0\u00bb en seulement quelques minutes lors de l\u2019ouverture des ventes. Une nouvelle salve de pr\u00e9vente sera organis\u00e9e le 16 octobre \u00e0 midi, avant une ouverture g\u00e9n\u00e9rale de la billetterie le lendemain \u00e0 la m\u00eame heure. Les fans, toujours aussi nombreux \u00e0 se procurer<a href=\"http:\/\/www.lefigaro.fr\/musique\/le-directeur-de-live-nation-pense-que-les-billets-de-concert-ne-sont-pas-assez-chers-20251001\" data-fig-type=\"Article\" data-gtm-custom-categorie=\"navigation\" data-gtm-custom-action=\"crossclick\" data-gtm-custom-label=\"Contextuel\" data-gtm-event=\"customEventSPE\" data-fig-domain=\"LEFIGARO\" target=\"_blank\" rel=\"noopener\">\u00a0des places de plus en plus ch\u00e8res pour les concerts<\/a>\u00a0de leurs artistes pr\u00e9f\u00e9r\u00e9s, devront \u00eatre aussi rapides que Flash McQueen pour se procurer le pr\u00e9cieux s\u00e9same. Leur ultime chance&#8230;<\/p>\n","protected":false},"excerpt":{"rendered":"Le chanteur canadien se produira les 8, 10, 11 et 12 juillet dans l\u2019enceinte de Saint-Denis, o\u00f9 il&hellip;\n","protected":false},"author":2,"featured_media":452649,"comment_status":"","ping_status":"","sticky":false,"template":"","format":"standard","meta":{"footnotes":""},"categories":[2815],"tags":[1111,11,1697,1777,674,1011,27,811,1307,12,25,14478,37243],"class_list":{"0":"post-452648","1":"post","2":"type-post","3":"status-publish","4":"format-standard","5":"has-post-thumbnail","7":"category-lille","8":"tag-actu","9":"tag-actualites","10":"tag-concert","11":"tag-eu","12":"tag-europe","13":"tag-fr","14":"tag-france","15":"tag-hauts-de-france","16":"tag-lille","17":"tag-news","18":"tag-republique-francaise","19":"tag-stade-de-france","20":"tag-the-weeknd"},"share_on_mastodon":{"url":"https:\/\/pubeurope.com\/@fr\/115350212832131766","error":""},"_links":{"self":[{"href":"https:\/\/www.europesays.com\/fr\/wp-json\/wp\/v2\/posts\/452648","targetHints":{"allow":["GET"]}}],"collection":[{"href":"https:\/\/www.europesays.com\/fr\/wp-json\/wp\/v2\/posts"}],"about":[{"href":"https:\/\/www.europesays.com\/fr\/wp-json\/wp\/v2\/types\/post"}],"author":[{"embeddable":true,"href":"https:\/\/www.europesays.com\/fr\/wp-json\/wp\/v2\/users\/2"}],"replies":[{"embeddable":true,"href":"https:\/\/www.europesays.com\/fr\/wp-json\/wp\/v2\/comments?post=452648"}],"version-history":[{"count":0,"href":"https:\/\/www.europesays.com\/fr\/wp-json\/wp\/v2\/posts\/452648\/revisions"}],"wp:featuredmedia":[{"embeddable":true,"href":"https:\/\/www.europesays.com\/fr\/wp-json\/wp\/v2\/media\/452649"}],"wp:attachment":[{"href":"https:\/\/www.europesays.com\/fr\/wp-json\/wp\/v2\/media?parent=452648"}],"wp:term":[{"taxonomy":"category","embeddable":true,"href":"https:\/\/www.europesays.com\/fr\/wp-json\/wp\/v2\/categories?post=452648"},{"taxonomy":"post_tag","embeddable":true,"href":"https:\/\/www.europesays.com\/fr\/wp-json\/wp\/v2\/tags?post=452648"}],"curies":[{"name":"wp","href":"https:\/\/api.w.org\/{rel}","templated":true}]}}