{"id":452652,"date":"2025-10-10T13:56:12","date_gmt":"2025-10-10T13:56:12","guid":{"rendered":"https:\/\/www.europesays.com\/fr\/452652\/"},"modified":"2025-10-10T13:56:12","modified_gmt":"2025-10-10T13:56:12","slug":"fermeture-nocturne-des-tunnels-de-marseille-du-13-au-17-oct","status":"publish","type":"post","link":"https:\/\/www.europesays.com\/fr\/452652\/","title":{"rendered":"Fermeture nocturne des tunnels de Marseille du 13 au 17 oct."},"content":{"rendered":"<p><img loading=\"lazy\" decoding=\"async\" alt=\"\u00a9 D.R. - Les interventions ne concernent pas les nuits de week-end, afin de ne pas g\u00eaner les flux du samedi soir et du dimanche.\" data-zoom-src=\"https:\/\/www.europesays.com\/fr\/wp-content\/uploads\/2025\/10\/initial-2022-06-l2-en-service-drone-0192.jpg\" data-zoomable=\"\" height=\"702\" src=\"https:\/\/www.europesays.com\/fr\/wp-content\/uploads\/2025\/10\/initial-2022-06-l2-en-service-drone-0192.jpg\" width=\"1248\"\/>  <\/p>\n<p class=\"article-desc\">\u00a9 D.R. &#8211; Les interventions ne concernent pas les nuits de week-end, afin de ne pas g\u00eaner les flux du samedi soir et du dimanche. <\/p>\n<p>Du lundi 13 au vendredi 17 octobre 2025, la <strong>circulation sera interrompue<\/strong> dans plusieurs <strong>tunnels de Marseille<\/strong>, selon un calendrier pr\u00e9cis. <\/p>\n<p>A Marseille, quatre nuits de fermeture pour entretien <\/p>\n<ul type=\"disc\">\n<li>Les nuits du 13 au 15 octobre, de 22h \u00e0 5h30, les tunnels <strong>Joliette<\/strong> et <strong>Vieux-Port<\/strong> (sens Nord\/Sud) seront ferm\u00e9s. <\/li>\n<li>Dans la nuit du jeudi 16 au vendredi 17 octobre, de 21h \u00e0 5h30, ce sera au tour des tunnels <strong>Saint-Charles<\/strong> et <strong>Saint-Loup<\/strong> (sens Claudel\/Florian) d\u2019\u00eatre inaccessibles.<\/li>\n<\/ul>\n<p>Ces fermetures permettront la r\u00e9alisation de <strong>travaux de maintenance pr\u00e9ventive<\/strong> destin\u00e9s \u00e0 garantir le bon fonctionnement et la s\u00e9curit\u00e9 des installations.<\/p>\n<p> Des interventions nocturnes pour limiter l\u2019impact sur le trafic <\/p>\n<p>Selon la <strong>M\u00e9tropole Aix-Marseille-Provence<\/strong>, ces op\u00e9rations sont programm\u00e9es <strong>de nuit<\/strong> afin de <strong>minimiser les perturbations<\/strong> sur la circulation. L\u2019entretien n\u00e9cessite l\u2019arr\u00eat temporaire de certains \u00e9quipements essentiels \u00e0 la s\u00e9curit\u00e9 des automobilistes \u2014 ventilation, \u00e9clairage, signalisation ou dispositifs d\u2019\u00e9vacuation.<\/p>\n<p>Les tunnels m\u00e9tropolitains \u2014 <strong>Vieux-Port, Major, Joliette, Saint-Charles et Saint-Loup<\/strong> \u2014 font l\u2019objet d\u2019un <strong>programme r\u00e9gulier de maintenance<\/strong>. Les interventions ne concernent <strong>pas les nuits de week-end<\/strong>, afin de ne pas g\u00eaner les flux du samedi soir et du dimanche. <\/p>\n<p>Les usagers peuvent consulter <a class=\"invalid-link\" href=\"https:\/\/mesinfos.fr\/ampmetropole.fr\/mes-demarches\/fermetures-programmees-des-tunnels-supervisees-par-la-metropole\" rel=\"noopener\" target=\"_blank\">la carte interactive des fermetures nocturnes sur le site officiel de la M\u00e9tropole<\/a>.<\/p>\n","protected":false},"excerpt":{"rendered":"\u00a9 D.R. &#8211; Les interventions ne concernent pas les nuits de week-end, afin de ne pas g\u00eaner les&hellip;\n","protected":false},"author":2,"featured_media":452653,"comment_status":"","ping_status":"","sticky":false,"template":"","format":"standard","meta":{"footnotes":""},"categories":[2814],"tags":[1111,11,3542,1777,674,13407,1011,27,16975,884,12,882,25,2086,17374],"class_list":{"0":"post-452652","1":"post","2":"type-post","3":"status-publish","4":"format-standard","5":"has-post-thumbnail","7":"category-marseille","8":"tag-actu","9":"tag-actualites","10":"tag-circulation","11":"tag-eu","12":"tag-europe","13":"tag-fermeture","14":"tag-fr","15":"tag-france","16":"tag-maintenance","17":"tag-marseille","18":"tag-news","19":"tag-provence-alpes-cote-dazur","20":"tag-republique-francaise","21":"tag-travaux","22":"tag-tunnel"},"share_on_mastodon":{"url":"https:\/\/pubeurope.com\/@fr\/115350221293483305","error":""},"_links":{"self":[{"href":"https:\/\/www.europesays.com\/fr\/wp-json\/wp\/v2\/posts\/452652","targetHints":{"allow":["GET"]}}],"collection":[{"href":"https:\/\/www.europesays.com\/fr\/wp-json\/wp\/v2\/posts"}],"about":[{"href":"https:\/\/www.europesays.com\/fr\/wp-json\/wp\/v2\/types\/post"}],"author":[{"embeddable":true,"href":"https:\/\/www.europesays.com\/fr\/wp-json\/wp\/v2\/users\/2"}],"replies":[{"embeddable":true,"href":"https:\/\/www.europesays.com\/fr\/wp-json\/wp\/v2\/comments?post=452652"}],"version-history":[{"count":0,"href":"https:\/\/www.europesays.com\/fr\/wp-json\/wp\/v2\/posts\/452652\/revisions"}],"wp:featuredmedia":[{"embeddable":true,"href":"https:\/\/www.europesays.com\/fr\/wp-json\/wp\/v2\/media\/452653"}],"wp:attachment":[{"href":"https:\/\/www.europesays.com\/fr\/wp-json\/wp\/v2\/media?parent=452652"}],"wp:term":[{"taxonomy":"category","embeddable":true,"href":"https:\/\/www.europesays.com\/fr\/wp-json\/wp\/v2\/categories?post=452652"},{"taxonomy":"post_tag","embeddable":true,"href":"https:\/\/www.europesays.com\/fr\/wp-json\/wp\/v2\/tags?post=452652"}],"curies":[{"name":"wp","href":"https:\/\/api.w.org\/{rel}","templated":true}]}}