{"id":452658,"date":"2025-10-10T14:00:40","date_gmt":"2025-10-10T14:00:40","guid":{"rendered":"https:\/\/www.europesays.com\/fr\/452658\/"},"modified":"2025-10-10T14:00:40","modified_gmt":"2025-10-10T14:00:40","slug":"saint-germain-en-laye-qui-seront-les-prochains-soleil-dor-2","status":"publish","type":"post","link":"https:\/\/www.europesays.com\/fr\/452658\/","title":{"rendered":"Saint-Germain-en-Laye : qui seront les prochains Soleil d\u2019Or ?"},"content":{"rendered":"<p><img loading=\"lazy\" decoding=\"async\" alt=\"\u00a9Sdif \/Quentin Clauzon - La Ville de Saint-Germain-en-Laye r\u00e9compense l'altruisme de ses habitants en leur remettant un Soleil d'Or.\" data-zoom-src=\"https:\/\/www.europesays.com\/fr\/wp-content\/uploads\/2025\/10\/initial-hotel-de-ville-saint-germain-en-laye.jpg\" data-zoomable=\"\" height=\"702\" src=\"https:\/\/www.europesays.com\/fr\/wp-content\/uploads\/2025\/10\/initial-hotel-de-ville-saint-germain-en-laye.jpg\" width=\"1248\"\/>  <\/p>\n<p class=\"article-desc\">\u00a9Sdif \/Quentin Clauzon &#8211; La Ville de Saint-Germain-en-Laye r\u00e9compense l&rsquo;altruisme de ses habitants en leur remettant un Soleil d&rsquo;Or. <\/p>\n<p>Depuis 1988, la Ville de <a href=\"https:\/\/mesinfos.fr\/78100-saint-germain-en-laye\/saint-germain-en-laye-tout-savoir-sur-la-fete-des-loges-2025-223863.html\" rel=\"noopener nofollow\" target=\"_blank\">Saint-Germain-en-Laye<\/a> (Yvelines) c\u00e9l\u00e8bre les <strong>gestes b\u00e9n\u00e9voles et de solidarit\u00e9<\/strong> de ses habitants ou d\u2019une de ses associations, en leur remettant un <strong>Soleil d\u2019Or.<\/strong>\u00a0 <\/p>\n<p>L\u2019engagement b\u00e9n\u00e9vole et altruiste des Saint-Germanois r\u00e9compens\u00e9\u00a0 <\/p>\n<p>Cette initiative citoyenne met \u00e0 l\u2019honneur des <strong>actions altruistes exerc\u00e9es depuis plusieurs ann\u00e9es<\/strong> et au service du <strong>rayonnement de la ville<\/strong>, peu importe le domaine vis\u00e9 : \u00e9ducation, culture, d\u00e9veloppement \u00e9conomique, solidarit\u00e9, sport, etc. <\/p>\n<p>\u201cTous les Saint-Germanois b\u00e9n\u00e9voles qui s\u2019engagent d\u2019une fa\u00e7on exceptionnelle en faveur des autres sont susceptibles de recevoir un Soleil d\u2019or\u201d, indique la Ville. <\/p>\n<p>Pour d\u00e9signer les laur\u00e9ats de cette ann\u00e9e, les habitants sont appel\u00e9s \u00e0 <strong>proposer le nom<\/strong> d&rsquo;une personne qui r\u00e9pond \u00e0 ces crit\u00e8res, <strong>avant le 14 novembre<\/strong> prochain. <\/p>\n<p> C\u00e9r\u00e9monie de remise des Soleils d\u2019Or le 17 janvier prochain <\/p>\n<p>Pour ce faire, ils peuvent compl\u00e9ter le <a href=\"https:\/\/www.saintgermainenlaye.fr\/1777\/e-services\/vie-de-la-cite\/proposez-vos-soleils-d-or-2025.htm\" rel=\"noopener nofollow\" target=\"_blank\">formulaire accessible sur ce lien<\/a> ou le d\u00e9poser dans l\u2019une des <strong>urnes<\/strong> d\u00e9di\u00e9es, mises \u00e0 disposition aux <strong>accueils de l&rsquo;H\u00f4tel de Ville<\/strong> (16 rue de Pontoise), du <strong>centre administratif<\/strong> (86 rue L\u00e9on-D\u00e9soyer) et de <strong>l&rsquo;espace Pierre-Delano\u00eb<\/strong> (2 place Victor-Hugo). <\/p>\n<p>Les grands gagnants recevront leur Soleil d&rsquo;or lors de la<strong> c\u00e9r\u00e9monie des v\u0153ux, le samedi 17 janvier<\/strong> 2026.<\/p>\n<p> <img decoding=\"async\" alt=\"soleil d'or st germain\" class=\"img-size-full\" data-zoomable=\"\" height=\"620\" loading=\"lazy\" src=\"https:\/\/www.europesays.com\/fr\/wp-content\/uploads\/2025\/10\/csm-agenda-soleils-d-or-604b0f1f4d.jpg\" width=\"1100\"\/> \u00a9Ville de Saint-Germain-en-Laye. <\/p>\n<p>\u00a0<\/p>\n","protected":false},"excerpt":{"rendered":"\u00a9Sdif \/Quentin Clauzon &#8211; La Ville de Saint-Germain-en-Laye r\u00e9compense l&rsquo;altruisme de ses habitants en leur remettant un Soleil&hellip;\n","protected":false},"author":2,"featured_media":452532,"comment_status":"","ping_status":"","sticky":false,"template":"","format":"standard","meta":{"footnotes":""},"categories":[1592],"tags":[1111,11,1777,674,1011,27,662,12,626,25,1932],"class_list":{"0":"post-452658","1":"post","2":"type-post","3":"status-publish","4":"format-standard","5":"has-post-thumbnail","7":"category-ile-de-france","8":"tag-actu","9":"tag-actualites","10":"tag-eu","11":"tag-europe","12":"tag-fr","13":"tag-france","14":"tag-ile-de-france","15":"tag-news","16":"tag-paris","17":"tag-republique-francaise","18":"tag-solidaritu00e9"},"share_on_mastodon":{"url":"https:\/\/pubeurope.com\/@fr\/115350236873227078","error":""},"_links":{"self":[{"href":"https:\/\/www.europesays.com\/fr\/wp-json\/wp\/v2\/posts\/452658","targetHints":{"allow":["GET"]}}],"collection":[{"href":"https:\/\/www.europesays.com\/fr\/wp-json\/wp\/v2\/posts"}],"about":[{"href":"https:\/\/www.europesays.com\/fr\/wp-json\/wp\/v2\/types\/post"}],"author":[{"embeddable":true,"href":"https:\/\/www.europesays.com\/fr\/wp-json\/wp\/v2\/users\/2"}],"replies":[{"embeddable":true,"href":"https:\/\/www.europesays.com\/fr\/wp-json\/wp\/v2\/comments?post=452658"}],"version-history":[{"count":0,"href":"https:\/\/www.europesays.com\/fr\/wp-json\/wp\/v2\/posts\/452658\/revisions"}],"wp:featuredmedia":[{"embeddable":true,"href":"https:\/\/www.europesays.com\/fr\/wp-json\/wp\/v2\/media\/452532"}],"wp:attachment":[{"href":"https:\/\/www.europesays.com\/fr\/wp-json\/wp\/v2\/media?parent=452658"}],"wp:term":[{"taxonomy":"category","embeddable":true,"href":"https:\/\/www.europesays.com\/fr\/wp-json\/wp\/v2\/categories?post=452658"},{"taxonomy":"post_tag","embeddable":true,"href":"https:\/\/www.europesays.com\/fr\/wp-json\/wp\/v2\/tags?post=452658"}],"curies":[{"name":"wp","href":"https:\/\/api.w.org\/{rel}","templated":true}]}}