{"id":452665,"date":"2025-10-10T14:05:12","date_gmt":"2025-10-10T14:05:12","guid":{"rendered":"https:\/\/www.europesays.com\/fr\/452665\/"},"modified":"2025-10-10T14:05:12","modified_gmt":"2025-10-10T14:05:12","slug":"une-avocate-interpellee-apres-avoir-profane-la-tombe-du-soldat-inconnu","status":"publish","type":"post","link":"https:\/\/www.europesays.com\/fr\/452665\/","title":{"rendered":"Une avocate interpell\u00e9e apr\u00e8s avoir profan\u00e9 la tombe du Soldat inconnu"},"content":{"rendered":"<p>La suspecte est une avocate inscrite au barreau de Meaux, en <a href=\"https:\/\/www.20minutes.fr\/societe\/seine-et-marne\/\" class=\"c-link c-link--is-underlined\" target=\"_blank\" rel=\"noopener\">Seine-et-Marne<\/a>. Comme l\u2019a r\u00e9v\u00e9l\u00e9 <a href=\"https:\/\/www.parismatch.com\/actu\/faits-divers\/info-match-paris-une-avocate-interpellee-apres-avoir-profane-la-tombe-du-soldat-inconnu-258394\" rel=\"nofollow noopener\" target=\"_blank\" class=\"c-link c-link--is-underlined\">Paris Match<\/a>, cette femme de 51 ans a \u00e9t\u00e9 interpell\u00e9e, jeudi apr\u00e8s-midi \u00e0 <a href=\"https:\/\/www.20minutes.fr\/paris\/\" class=\"c-link c-link--is-underlined\" target=\"_blank\" rel=\"noopener\">Paris<\/a>, apr\u00e8s avoir d\u00e9grad\u00e9 la flamme du Soldat inconnu, place de l\u2019Etoile, sous l\u2019Arc de triomphe. La quinquag\u00e9naire s\u2019en est ensuite prise \u00e0 l\u2019un des policiers qui sont intervenus.<\/p>\n<p>Les faits ont lieu vers 15h30. Selon nos informations, la suspecte a franchi les barri\u00e8res de protection de la <a href=\"https:\/\/www.20minutes.fr\/justice\/4167319-20250809-paris-homme-allume-cigarette-flamme-soldat-inconnu-condamne\" class=\"c-link c-link--is-underlined\" target=\"_blank\" rel=\"noopener\">flamme du Soldat inconnu<\/a>. Puis elle a arrach\u00e9 les fleurs d\u00e9pos\u00e9es sur la tombe. Elle s\u2019est ensuite dirig\u00e9e vers son v\u00e9hicule, une Mini Cooper noire. Le personnel du monument a alert\u00e9 les forces de l\u2019ordre, qui ont tent\u00e9 de l\u2019arr\u00eater en flagrant d\u00e9lit.<\/p>\n<p>\u00ab\u00a0Encul\u00e9s, b\u00e2tards\u00a0\u00bb<\/p>\n<p>La suspecte a refus\u00e9 d\u2019obtemp\u00e9rer et a red\u00e9marr\u00e9 sa voiture. Elle a percut\u00e9 plusieurs policiers, par chance \u00e0 faible allure, et les a copieusement insult\u00e9s en les traitant d&rsquo;\u00ab\u00a0encul\u00e9s\u00a0\u00bb et de \u00ab\u00a0b\u00e2tards\u00a0\u00bb. L\u2019un des fonctionnaires a re\u00e7u\u2026 des p\u00e9tales de fleurs sur la t\u00eate. Alors que cet agent essayait de r\u00e9cup\u00e9rer les cl\u00e9s de la voiture, la conductrice l\u2019a mordu au poignet gauche. Il a bri\u00e8vement d\u00e9gain\u00e9 son arme, puis l\u2019a rang\u00e9e.<\/p>\n<\/p>\n<p>Des renforts ont bloqu\u00e9 le v\u00e9hicule de l\u2019avocate, qui a ensuite \u00e9t\u00e9 arr\u00eat\u00e9e. Au regard de son \u00e9tat d\u2019agitation, sa garde \u00e0 vue a \u00e9t\u00e9 suspendue et elle a \u00e9t\u00e9 admise \u00e0 <a href=\"https:\/\/www.20minutes.fr\/paris\/4014617-20221213-paris-personnel-infirmerie-psychiatrique-prefecture-police-greve\" class=\"c-link c-link--is-underlined\" target=\"_blank\" rel=\"noopener\">l\u2019infirmerie psychiatrique de la pr\u00e9fecture de police<\/a> (I3P) afin d\u2019\u00eatre examin\u00e9e par un m\u00e9decin. Contact\u00e9, le parquet de Paris n\u2019a pas encore r\u00e9pondu aux sollicitations de 20 Minutes.<\/p>\n","protected":false},"excerpt":{"rendered":"La suspecte est une avocate inscrite au barreau de Meaux, en Seine-et-Marne. Comme l\u2019a r\u00e9v\u00e9l\u00e9 Paris Match, cette&hellip;\n","protected":false},"author":2,"featured_media":452666,"comment_status":"","ping_status":"","sticky":false,"template":"","format":"standard","meta":{"footnotes":""},"categories":[1888],"tags":[47,11,20933,1067,1777,674,118,658,1011,27,662,12,626,1072,25],"class_list":{"0":"post-452665","1":"post","2":"type-post","3":"status-publish","4":"format-standard","5":"has-post-thumbnail","7":"category-paris","8":"tag-actualite","9":"tag-actualites","10":"tag-avocat","11":"tag-enquete","12":"tag-eu","13":"tag-europe","14":"tag-faits-divers","15":"tag-faits-divers-paris","16":"tag-fr","17":"tag-france","18":"tag-ile-de-france","19":"tag-news","20":"tag-paris","21":"tag-police","22":"tag-republique-francaise"},"share_on_mastodon":{"url":"https:\/\/pubeurope.com\/@fr\/115350256033865543","error":""},"_links":{"self":[{"href":"https:\/\/www.europesays.com\/fr\/wp-json\/wp\/v2\/posts\/452665","targetHints":{"allow":["GET"]}}],"collection":[{"href":"https:\/\/www.europesays.com\/fr\/wp-json\/wp\/v2\/posts"}],"about":[{"href":"https:\/\/www.europesays.com\/fr\/wp-json\/wp\/v2\/types\/post"}],"author":[{"embeddable":true,"href":"https:\/\/www.europesays.com\/fr\/wp-json\/wp\/v2\/users\/2"}],"replies":[{"embeddable":true,"href":"https:\/\/www.europesays.com\/fr\/wp-json\/wp\/v2\/comments?post=452665"}],"version-history":[{"count":0,"href":"https:\/\/www.europesays.com\/fr\/wp-json\/wp\/v2\/posts\/452665\/revisions"}],"wp:featuredmedia":[{"embeddable":true,"href":"https:\/\/www.europesays.com\/fr\/wp-json\/wp\/v2\/media\/452666"}],"wp:attachment":[{"href":"https:\/\/www.europesays.com\/fr\/wp-json\/wp\/v2\/media?parent=452665"}],"wp:term":[{"taxonomy":"category","embeddable":true,"href":"https:\/\/www.europesays.com\/fr\/wp-json\/wp\/v2\/categories?post=452665"},{"taxonomy":"post_tag","embeddable":true,"href":"https:\/\/www.europesays.com\/fr\/wp-json\/wp\/v2\/tags?post=452665"}],"curies":[{"name":"wp","href":"https:\/\/api.w.org\/{rel}","templated":true}]}}