{"id":452667,"date":"2025-10-10T14:06:10","date_gmt":"2025-10-10T14:06:10","guid":{"rendered":"https:\/\/www.europesays.com\/fr\/452667\/"},"modified":"2025-10-10T14:06:10","modified_gmt":"2025-10-10T14:06:10","slug":"sabotage-a-la-russe-la-pologne-enquete-sur-des-explosifs-caches-dans-des-conserves-de-mais","status":"publish","type":"post","link":"https:\/\/www.europesays.com\/fr\/452667\/","title":{"rendered":"Sabotage \u00e0 la russe ? La Pologne enqu\u00eate sur des explosifs cach\u00e9s dans des conserves de ma\u00efs"},"content":{"rendered":"\n<p>Des pi\u00e8ces de drones, des explosifs dissimul\u00e9s dans des bo\u00eetes de ma\u00efs ou encore dans des produits cosm\u00e9tiques ont \u00e9t\u00e9 retrouv\u00e9s par les services de renseignements polonais et lituaniens \u00e0 l\u2019\u00e9t\u00e9 2024. Tous ces \u00e9l\u00e9ments auraient fait partie d\u2019une vaste op\u00e9ration de sabotage men\u00e9e par le renseignement militaire russe (GRU) contre la Pologne et la Lituanie, mais aussi contre l\u2019Allemagne, au moment de l\u2019Euro de football.<\/p>\n<p>C\u2019est ce qu\u2019a <a class=\"ithalc\" data-ithal=\"lien_externe\" data-ithalc=\"[nav_article]\" target=\"_blank\" href=\"https:\/\/warszawa.wyborcza.pl\/warszawa\/7,54420,32291943,wyborcza-ujawnia-rosyjski-wywiad-materialy-wybuchowe-w-puszkach.html\" rel=\"noopener\">r\u00e9v\u00e9l\u00e9 d\u00e9but octobre le quotidien polonais lib\u00e9ral <strong>Gazeta Wyborcza<\/strong><\/a><strong>, <\/strong>qui cite plusieurs sources au sein du parquet et du renseignement int\u00e9rieur polonais (ABW), au fait de l\u2019enqu\u00eate en cours.<strong> <\/strong>\u201cUne de [nos hypoth\u00e8ses] suppose que le GRU se pr\u00e9parait \u00e0 un acte terroriste avec des drones et des bo\u00eetes de conserve, qui, \u00e0 la place de ma\u00efs, contenaient une puissante mati\u00e8re explosive\u201d, affirme l\u2019un des informateurs du journal.<\/p>\n<p><a class=\"ithalc\" data-ithal=\"lien_externe\" data-ithalc=\"[nav_article]\" target=\"_blank\" href=\"https:\/\/wiadomosci.wp.pl\/pk-bada-watek-puszek-z-materialami-wybuchowymi-z-litwy-7206577202223936a\" rel=\"noopener\">Contact\u00e9 par le site d\u2019information polonais <strong>Wirtualna Polska<\/strong><\/a><strong>,<\/strong> le porte-parole du parquet a confirm\u00e9 qu\u2019une \u201cvaste\u201d enqu\u00eate impliquant \u201csix suspects\u201d \u00e9tait en cours. Refusant de s\u2019appesantir sur son contenu, le porte-parole s\u2019est born\u00e9 \u00e0 indiquer que l\u2019enqu\u00eate \u201ctouchait \u00e0 sa fin\u201d.<\/p>\n<p> Oreillers de massage et cosm\u00e9tiques explosifs <\/p>\n<p>Selon le r\u00e9cit qu\u2019en fait Gazeta Wyborcza, le GRU aurait eu recours \u00e0 des petites mains en mal d\u2019argent. Un cert<\/p>\n","protected":false},"excerpt":{"rendered":"Des pi\u00e8ces de drones, des explosifs dissimul\u00e9s dans des bo\u00eetes de ma\u00efs ou encore dans des produits cosm\u00e9tiques&hellip;\n","protected":false},"author":2,"featured_media":452668,"comment_status":"","ping_status":"","sticky":false,"template":"","format":"standard","meta":{"footnotes":""},"categories":[1591],"tags":[11,674,1887,1892,2050,12,2437,1885,1886,132],"class_list":{"0":"post-452667","1":"post","2":"type-post","3":"status-publish","4":"format-standard","5":"has-post-thumbnail","7":"category-russie","8":"tag-actualites","9":"tag-europe","10":"tag-federation-de-russie","11":"tag-gu00e9opolitique","12":"tag-lituanie","13":"tag-news","14":"tag-pologne","15":"tag-russia","16":"tag-russian-federation","17":"tag-russie"},"share_on_mastodon":{"url":"https:\/\/pubeurope.com\/@fr\/115350260163160269","error":""},"_links":{"self":[{"href":"https:\/\/www.europesays.com\/fr\/wp-json\/wp\/v2\/posts\/452667","targetHints":{"allow":["GET"]}}],"collection":[{"href":"https:\/\/www.europesays.com\/fr\/wp-json\/wp\/v2\/posts"}],"about":[{"href":"https:\/\/www.europesays.com\/fr\/wp-json\/wp\/v2\/types\/post"}],"author":[{"embeddable":true,"href":"https:\/\/www.europesays.com\/fr\/wp-json\/wp\/v2\/users\/2"}],"replies":[{"embeddable":true,"href":"https:\/\/www.europesays.com\/fr\/wp-json\/wp\/v2\/comments?post=452667"}],"version-history":[{"count":0,"href":"https:\/\/www.europesays.com\/fr\/wp-json\/wp\/v2\/posts\/452667\/revisions"}],"wp:featuredmedia":[{"embeddable":true,"href":"https:\/\/www.europesays.com\/fr\/wp-json\/wp\/v2\/media\/452668"}],"wp:attachment":[{"href":"https:\/\/www.europesays.com\/fr\/wp-json\/wp\/v2\/media?parent=452667"}],"wp:term":[{"taxonomy":"category","embeddable":true,"href":"https:\/\/www.europesays.com\/fr\/wp-json\/wp\/v2\/categories?post=452667"},{"taxonomy":"post_tag","embeddable":true,"href":"https:\/\/www.europesays.com\/fr\/wp-json\/wp\/v2\/tags?post=452667"}],"curies":[{"name":"wp","href":"https:\/\/api.w.org\/{rel}","templated":true}]}}