{"id":45267,"date":"2025-04-23T00:29:08","date_gmt":"2025-04-23T00:29:08","guid":{"rendered":"https:\/\/www.europesays.com\/fr\/45267\/"},"modified":"2025-04-23T00:29:08","modified_gmt":"2025-04-23T00:29:08","slug":"les-socialistes-exigent-des-comptes-a-la-region","status":"publish","type":"post","link":"https:\/\/www.europesays.com\/fr\/45267\/","title":{"rendered":"les socialistes exigent des comptes \u00e0 la R\u00e9gion"},"content":{"rendered":"<p>Les accusations d\u2019agressions sexuelles au sein du lyc\u00e9e catholique Saint-Thomas-d\u2019Aquin \u00e0 Oullins, r\u00e9v\u00e9l\u00e9es vendredi 19 avril par\u00a0<a href=\"https:\/\/www.liberation.fr\/societe\/pendant-les-cours-il-nous-tripotait-partout-danciens-eleves-dun-lycee-catholique-pres-de-lyon-denoncent-des-agressions-sexuelles-20250418_FTZF4JJHOFE3TFQ36XM3YSJHRU\/\" target=\"_blank\" rel=\"noopener\">Lib\u00e9ration<\/a>, continuent de susciter des r\u00e9actions. Dans un communiqu\u00e9 publi\u00e9 ce mardi, le groupe Socialiste, \u00c9cologiste et D\u00e9mocrate (SED) de la R\u00e9gion Auvergne-Rh\u00f4ne-Alpes demande une r\u00e9action politique forte.<\/p>\n<p>Le quotidien national rapportait en effet que plusieurs anciens \u00e9l\u00e8ves de l&rsquo;\u00e9tablissement scolaire priv\u00e9, ont t\u00e9moign\u00e9 avoir subi des agressions sexuelles r\u00e9p\u00e9t\u00e9es de la part d&rsquo;un ancien professeur de fran\u00e7ais, aujourd&rsquo;hui d\u00e9c\u00e9d\u00e9. Les faits se seraient d\u00e9roul\u00e9s au sein m\u00eame de la classe, parfois sous les yeux d&rsquo;autres \u00e9l\u00e8ves.<\/p>\n<p>\u00ab\u00a0Ce drame confirme ce que notre groupe d\u00e9nonce depuis plusieurs ann\u00e9es : une forme d\u2019omerta persiste autour des violences sexuelles dans certains \u00e9tablissements\u00a0\u00bb, d\u00e9noncent Najat Vallaud-Belkacem, Johann Cesa, Anna Aubois et St\u00e9phane Gemmani, signataires du communiqu\u00e9.\u00a0<\/p>\n<p>Ces r\u00e9v\u00e9lations font tristement \u00e9cho \u00e0 l\u2019affaire B\u00e9tharram, o\u00f9 des faits similaires avaient \u00e9t\u00e9 tus pendant des d\u00e9cennies, rappellent ces derniers.\u00a0<\/p>\n<p>Le groupe SED rappelle qu\u2019en mars 2023, St\u00e9phane Gemmani avait d\u00e9j\u00e0 alert\u00e9 sur les conclusions du rapport Sauv\u00e9. Celui-ci faisait \u00e9tat de plus de 330 000 victimes d\u2019abus sexuels dans l\u2019\u00c9glise depuis 1950, dont pr\u00e8s de 14,5 % en Auvergne-Rh\u00f4ne-Alpes.<\/p>\n<p>\u00c0 l\u2019\u00e9poque, selon les \u00e9lus, l\u2019ex\u00e9cutif r\u00e9gional avait \u00ab\u00a0pr\u00e9f\u00e9r\u00e9 engager une proc\u00e9dure judiciaire contre St\u00e9phane Gemmani\u00a0\u00bb plut\u00f4t que d\u2019ouvrir une enqu\u00eate. Le 18 f\u00e9vrier dernier, le tribunal l\u2019a relax\u00e9, estimant que ses propos relevaient de \u00ab l\u2019int\u00e9r\u00eat g\u00e9n\u00e9ral \u00bb.<\/p>\n<p>Estimant que \u00ab\u00a0le silence n\u2019est plus une option\u00a0\u00bb, les \u00e9lus socialistes appellent la R\u00e9gion \u00e0 r\u00e9agir sans d\u00e9lai. Ils r\u00e9clament la cr\u00e9ation d\u2019une commission r\u00e9gionale ind\u00e9pendante charg\u00e9e de recenser les \u00e9tablissements sous contrat ayant fait l\u2019objet de signalements ou d\u2019enqu\u00eates pour violences sexuelles.<\/p>\n<p>Ils demandent \u00e9galement que la collectivit\u00e9 assume \u00ab\u00a0pleinement sa comp\u00e9tence en mati\u00e8re de lyc\u00e9es\u00a0\u00bb en renfor\u00e7ant son r\u00f4le de contr\u00f4le et de pr\u00e9vention. Enfin, ils insistent sur la n\u00e9cessit\u00e9 que les victimes soient \u00ab\u00a0pleinement entendues, accompagn\u00e9es et reconnues\u00a0\u00bb, et que les \u00e9tablissements concern\u00e9s fassent l\u2019objet d\u2019un suivi renforc\u00e9.<\/p>\n<p>\u00ab\u00a0Ce combat d\u00e9passe les clivages politiques. Il engage la responsabilit\u00e9 de notre collectivit\u00e9 toute enti\u00e8re\u00a0\u00bb, conclut le communiqu\u00e9.<\/p>\n","protected":false},"excerpt":{"rendered":"Les accusations d\u2019agressions sexuelles au sein du lyc\u00e9e catholique Saint-Thomas-d\u2019Aquin \u00e0 Oullins, r\u00e9v\u00e9l\u00e9es vendredi 19 avril par\u00a0Lib\u00e9ration, continuent&hellip;\n","protected":false},"author":2,"featured_media":45268,"comment_status":"","ping_status":"","sticky":false,"template":"","format":"standard","meta":{"footnotes":""},"categories":[1889],"tags":[1111,11,2813,2190,2430,1109,251,1112,2811,1777,674,118,1011,27,1922,1110,1114,2428,2810,12,241,316,25,2812,517,800],"class_list":{"0":"post-45267","1":"post","2":"type-post","3":"status-publish","4":"format-standard","5":"has-post-thumbnail","7":"category-lyon","8":"tag-actu","9":"tag-actualites","10":"tag-article","11":"tag-asvel","12":"tag-auvergne-rhone-alpes","13":"tag-breves","14":"tag-culture","15":"tag-depeches","16":"tag-economique","17":"tag-eu","18":"tag-europe","19":"tag-faits-divers","20":"tag-fr","21":"tag-france","22":"tag-info","23":"tag-informations","24":"tag-infos","25":"tag-lyon","26":"tag-lyonmag","27":"tag-news","28":"tag-ol","29":"tag-politique","30":"tag-republique-francaise","31":"tag-sociale","32":"tag-sport","33":"tag-transports"},"share_on_mastodon":{"url":"https:\/\/pubeurope.com\/@fr\/114384454629228670","error":""},"_links":{"self":[{"href":"https:\/\/www.europesays.com\/fr\/wp-json\/wp\/v2\/posts\/45267","targetHints":{"allow":["GET"]}}],"collection":[{"href":"https:\/\/www.europesays.com\/fr\/wp-json\/wp\/v2\/posts"}],"about":[{"href":"https:\/\/www.europesays.com\/fr\/wp-json\/wp\/v2\/types\/post"}],"author":[{"embeddable":true,"href":"https:\/\/www.europesays.com\/fr\/wp-json\/wp\/v2\/users\/2"}],"replies":[{"embeddable":true,"href":"https:\/\/www.europesays.com\/fr\/wp-json\/wp\/v2\/comments?post=45267"}],"version-history":[{"count":0,"href":"https:\/\/www.europesays.com\/fr\/wp-json\/wp\/v2\/posts\/45267\/revisions"}],"wp:featuredmedia":[{"embeddable":true,"href":"https:\/\/www.europesays.com\/fr\/wp-json\/wp\/v2\/media\/45268"}],"wp:attachment":[{"href":"https:\/\/www.europesays.com\/fr\/wp-json\/wp\/v2\/media?parent=45267"}],"wp:term":[{"taxonomy":"category","embeddable":true,"href":"https:\/\/www.europesays.com\/fr\/wp-json\/wp\/v2\/categories?post=45267"},{"taxonomy":"post_tag","embeddable":true,"href":"https:\/\/www.europesays.com\/fr\/wp-json\/wp\/v2\/tags?post=45267"}],"curies":[{"name":"wp","href":"https:\/\/api.w.org\/{rel}","templated":true}]}}