{"id":452675,"date":"2025-10-10T14:10:12","date_gmt":"2025-10-10T14:10:12","guid":{"rendered":"https:\/\/www.europesays.com\/fr\/452675\/"},"modified":"2025-10-10T14:10:12","modified_gmt":"2025-10-10T14:10:12","slug":"finance-lallemagne-abandonne-son-opposition-a-une-union-des-marches-financiers-cmu-en-ue","status":"publish","type":"post","link":"https:\/\/www.europesays.com\/fr\/452675\/","title":{"rendered":"Finance : l\u2019Allemagne abandonne son opposition \u00e0 une Union des march\u00e9s financiers (CMU) en UE"},"content":{"rendered":"<p data-beyondwords-marker=\"381ed446-89fa-4dee-8bab-b6c74b7178ee\" class=\"has-medium-font-size\">La surveillance supranationale renforc\u00e9e. Le secteur de <strong>Bitcoin<\/strong> et des cryptomonnaies en <strong>Union europ\u00e9enne<\/strong> (UE) est encadr\u00e9 par <strong><a href=\"https:\/\/journalducoin.com\/actualites\/mica-cadre-reglementaire-europeen-favorise-exchanges-crypto-plus-riches\/\" target=\"_blank\" rel=\"noreferrer noopener follow\" data-wpel-link=\"internal\" class=\"plausible-event-name=Liens+internes\">le r\u00e8glement MiCA (Markets in Crypto-Assets)<\/a><\/strong> qui est pleinement entr\u00e9 en vigueur en d\u00e9cembre 2024. Ce dernier impose aux plateformes de cryptomonnaies de se conformer \u00e0 un ensemble de r\u00e8gles strictes pour obtenir une licence d\u2019exploitation. Dans ce cadre, l\u2019Autorit\u00e9 europ\u00e9enne des march\u00e9s financiers (<strong>ESMA<\/strong>) a \u00e9t\u00e9 charg\u00e9e de superviser le march\u00e9 crypto et la d\u00e9livrance de licences MiCA par les pays membres. C\u2019est envers cet organisme supranational que l\u2019<strong>Allemagne <\/strong>viendrait de renoncer un peu plus \u00e0 sa souverainet\u00e9, en acceptant l\u2019id\u00e9e d\u2019une <strong>Union des march\u00e9s financiers<\/strong> (CMU) sous le contr\u00f4le centralis\u00e9 de l\u2019ESMA.<\/p>\n<p><strong style=\"font-size: 18px\">Les points cl\u00e9s de cet article :<\/strong><\/p>\n<ul style=\"font-size: 18px\">\n<li>L\u2019Allemagne aurait accept\u00e9 de c\u00e9der plus de pouvoir \u00e0 l\u2019UE en mati\u00e8re de r\u00e9gulation des march\u00e9s financiers.<\/li>\n<li>Cette capitulation, face \u00e0 la pression europ\u00e9iste fran\u00e7aise notamment, renforcera encore plus la centralisation de la surveillance par l\u2019Autorit\u00e9 europ\u00e9enne des march\u00e9s financiers (ESMA).<\/li>\n<\/ul>\n<p>Une Autorit\u00e9 europ\u00e9enne des march\u00e9s financiers encore renforc\u00e9e par la capitulation de l\u2019Allemagne<\/p>\n<p data-beyondwords-marker=\"7b48a60a-ddf6-4795-9b11-0d87981e057c\">L\u2019<strong>Autorit\u00e9 europ\u00e9enne des march\u00e9s financiers<\/strong> a d\u00e9j\u00e0 vu <strong><a href=\"https:\/\/journalducoin.com\/actualites\/regulation-crypto-autorite-europeenne-esma-publie-directives-finales-cadre-reglementaire-mica\/\" target=\"_blank\" rel=\"noreferrer noopener follow\" data-wpel-link=\"internal\" class=\"plausible-event-name=Liens+internes\">ses pouvoirs renforc\u00e9s avec la mise en place du r\u00e8glement MiCA<\/a><\/strong>. En effet, cette autorit\u00e9 supranationale a d\u00e9sormais la responsabilit\u00e9 de <strong>superviser<\/strong> le march\u00e9 des cryptomonnaies ainsi que les licences donn\u00e9es par les autorit\u00e9s nationales aux plateformes pour op\u00e9rer l\u00e9galement au sein de l\u2019UE.<\/p>\n<p data-beyondwords-marker=\"c7cdadee-9477-4905-a2a1-3e686d827b40\">Cette <strong>centralisation<\/strong> de la r\u00e9gulation vise \u00e0 \u00ab\u00a0harmoniser les pratiques entre les diff\u00e9rents pays membres\u00a0\u00bb. Toutefois, cette mesure a suscit\u00e9 des <strong>r\u00e9ticences<\/strong>, notamment de la part de l\u2019<strong>Allemagne<\/strong>, qui s\u2019est initialement oppos\u00e9e \u00e0 une plus grande centralisation des pouvoirs de l\u2019ESMA.<\/p>\n<p data-beyondwords-marker=\"5f0032ee-1e9b-43c2-aa95-91891a617576\">Le pays craignait une <strong>perte de souverainet\u00e9<\/strong> sur la r\u00e9gulation de ses propres march\u00e9s financiers. Cependant, <strong>face aux pressions<\/strong> et \u00e0 la n\u00e9cessit\u00e9 d\u2019une r\u00e9gulation harmonis\u00e9e au sein de l\u2019UE, l\u2019Allemagne a finalement d\u00e9cid\u00e9 de c\u00e9der encore un peu plus de pouvoir \u00e0 l\u2019UE, selon une r\u00e9cente <a href=\"https:\/\/www.ft.com\/content\/b5f5f7b9-2e39-4300-969e-f27bdda33815\" target=\"_blank\" rel=\"noreferrer noopener nofollow\" data-wpel-link=\"external\">publication<\/a> du Financial Times.<\/p>\n<p>Vers une Union des march\u00e9s financiers qui donne toujours plus de pouvoir \u00e0 l\u2019UE<\/p>\n<p data-beyondwords-marker=\"a36ef5b6-dac6-40e8-9238-d5625f2487ee\">Selon cette publication\u00a0: \u00ab\u00a0Le ministre allemand des Finances, <strong>Lars Klingbeil<\/strong>, a r\u00e9cemment accept\u00e9 d\u2019\u00e9tudier les domaines dans lesquels une <strong>supervision centralis\u00e9e<\/strong> est justifi\u00e9e, dans le cadre des travaux pr\u00e9paratoires franco-allemands visant \u00e0 faire avancer l\u2019<strong>Union des march\u00e9s financiers<\/strong> (ou <strong>CMU<\/strong>, pour Capital Markets Union), selon trois personnes proches du dossier\u00a0\u00bb.<\/p>\n<p data-beyondwords-marker=\"16a9e039-36db-47ff-9e87-586317cbb9ee\">La <strong>France<\/strong>, qui est une championne de l\u2019abandon de souverainet\u00e9 en faveur de l\u2019UE, serait une fervente supportrice du CMU\u00a0: \u00ab\u00a0<strong>Paris pousse depuis longtemps en faveur d\u2019une plus grande centralisation et d\u2019un renforcement de l\u2019ESMA<\/strong>\u00a0\u00bb, selon le Financial Times.<\/p>\n<p data-beyondwords-marker=\"51eb9f9b-929a-43aa-bd24-8a34e20d980b\">Heureusement, des petits pays comme <strong>Chypre<\/strong> et le <strong>Luxembourg<\/strong> tentent encore de s\u2019opposer \u00e0 la domination des institutions europ\u00e9ennes sur leur pouvoir national\u00a0:<\/p>\n<blockquote data-beyondwords-marker=\"b21fd431-af2a-4449-9bbd-161fba1284b2\" class=\"wp-block-quote is-layout-flow wp-block-quote-is-layout-flow\">\n<p data-beyondwords-marker=\"fab694b9-631f-4c76-a612-442e11246d28\"><strong>\u00ab Une centralisation encore accrue ne permettra pas de d\u00e9bloquer des fonds suppl\u00e9mentaires pour l\u2019\u00e9conomie de l\u2019UE, et la mise en place d\u2019une nouvelle structure institutionnelle prendra du temps et entra\u00eenera des co\u00fbts pour les entreprises. \u00bb<\/strong><\/p>\n<p>Gilles Roth, ministre des Finances du Luxembourg<\/p><\/blockquote>\n<p data-beyondwords-marker=\"65c6c315-8760-4064-91ad-70ff7e3e190f\" class=\"has-medium-font-size\">Seule bonne nouvelle du c\u00f4t\u00e9 de l\u2019<strong>Allemagne<\/strong>, les discussions sur cette Union des march\u00e9s financiers \u00ab\u00a0<strong>excluraient la r\u00e9glementation des cryptomonnaies<\/strong> \u00e0 la demande de Berlin\u00a0\u00bb. Pourtant, la <strong>France<\/strong>, toujours prompte \u00e0 c\u00e9der tous ses pouvoirs \u00e0 la Commission de Bruxelles, <strong><a href=\"https:\/\/journalducoin.com\/actualites\/banque-de-france-veut-renforcer-surveillance-entreprises-crypto-europe\/\" target=\"_blank\" rel=\"noreferrer noopener follow\" data-wpel-link=\"internal\" class=\"plausible-event-name=Liens+internes\">demande avec insistance \u00e0 l\u2019ESMA de centraliser davantage la supervision des crypto-entreprises<\/a><\/strong>. Rappelons qu\u2019abandonner toute souverainet\u00e9 \u00e0 l\u2019UE \u00ab\u00a0c\u2019est notre projet\u00a0!\u00a0\u00bb pour le pouvoir en place depuis 2017.<\/p>\n","protected":false},"excerpt":{"rendered":"La surveillance supranationale renforc\u00e9e. Le secteur de Bitcoin et des cryptomonnaies en Union europ\u00e9enne (UE) est encadr\u00e9 par&hellip;\n","protected":false},"author":2,"featured_media":452676,"comment_status":"","ping_status":"","sticky":false,"template":"","format":"standard","meta":{"footnotes":""},"categories":[1587],"tags":[11,672,1804,1805,1803,1777,674,1801,2112,12,316,1802],"class_list":{"0":"post-452675","1":"post","2":"type-post","3":"status-publish","4":"format-standard","5":"has-post-thumbnail","7":"category-allemagne","8":"tag-actualites","9":"tag-allemagne","10":"tag-bundesrepublik-deutschland","11":"tag-de","12":"tag-deutschland","13":"tag-eu","14":"tag-europe","15":"tag-germany","16":"tag-marches-financiers","17":"tag-news","18":"tag-politique","19":"tag-republique-federale-dallemagne"},"share_on_mastodon":{"url":"https:\/\/pubeurope.com\/@fr\/115350275975912175","error":""},"_links":{"self":[{"href":"https:\/\/www.europesays.com\/fr\/wp-json\/wp\/v2\/posts\/452675","targetHints":{"allow":["GET"]}}],"collection":[{"href":"https:\/\/www.europesays.com\/fr\/wp-json\/wp\/v2\/posts"}],"about":[{"href":"https:\/\/www.europesays.com\/fr\/wp-json\/wp\/v2\/types\/post"}],"author":[{"embeddable":true,"href":"https:\/\/www.europesays.com\/fr\/wp-json\/wp\/v2\/users\/2"}],"replies":[{"embeddable":true,"href":"https:\/\/www.europesays.com\/fr\/wp-json\/wp\/v2\/comments?post=452675"}],"version-history":[{"count":0,"href":"https:\/\/www.europesays.com\/fr\/wp-json\/wp\/v2\/posts\/452675\/revisions"}],"wp:featuredmedia":[{"embeddable":true,"href":"https:\/\/www.europesays.com\/fr\/wp-json\/wp\/v2\/media\/452676"}],"wp:attachment":[{"href":"https:\/\/www.europesays.com\/fr\/wp-json\/wp\/v2\/media?parent=452675"}],"wp:term":[{"taxonomy":"category","embeddable":true,"href":"https:\/\/www.europesays.com\/fr\/wp-json\/wp\/v2\/categories?post=452675"},{"taxonomy":"post_tag","embeddable":true,"href":"https:\/\/www.europesays.com\/fr\/wp-json\/wp\/v2\/tags?post=452675"}],"curies":[{"name":"wp","href":"https:\/\/api.w.org\/{rel}","templated":true}]}}