{"id":452687,"date":"2025-10-10T14:18:11","date_gmt":"2025-10-10T14:18:11","guid":{"rendered":"https:\/\/www.europesays.com\/fr\/452687\/"},"modified":"2025-10-10T14:18:11","modified_gmt":"2025-10-10T14:18:11","slug":"transferts-top-14-le-centre-ailier-rodrigo-marta-colomiers-vers-la-section-paloise","status":"publish","type":"post","link":"https:\/\/www.europesays.com\/fr\/452687\/","title":{"rendered":"Transferts\/Top 14 &#8211; Le centre\/ailier Rodrigo Marta (Colomiers) vers la Section paloise"},"content":{"rendered":"<p>\n                Facteur X de Colomiers rugby, l&rsquo;international portugais Rodrigo Marta devrait quitter la Colombe pour rejoindre la Section paloise l&rsquo;ann\u00e9e prochaine.\n            <\/p>\n<p>Il est, depuis son arriv\u00e9e en plein milieu de la derni\u00e8re Coupe du monde, un \u00e9l\u00e9ment cl\u00e9 de Colomiers rugby. Rodrigo Marta, international portugais, est un facteur X par excellence, usant notamment de son acc\u00e9l\u00e9ration fulgurante et sa capacit\u00e9 \u00e0 s&rsquo;engouffrer dans des br\u00e8ches. Et les dirigeants de Colomiers, malgr\u00e9 leur volont\u00e9 de le garder au-del\u00e0 de son contrat, qui court jusqu&rsquo;en juin 2026, ne pourront pas faire grand-chose face \u00e0 l&rsquo;appel du Top 14. En effet, comme indiqu\u00e9 par nos confr\u00e8res de La D\u00e9p\u00eache, le centre ou ailier est en contacts tr\u00e8s avanc\u00e9s avec la Section paloise. Ce que nous sommes en mesure de confirmer, tant le dossier semble boucl\u00e9 depuis quelques jours.<\/p>\n<p>A Pau, Rodrigo Marta va rejoindre une formation du Top 14 qui s&rsquo;est fait reconna\u00eetre ces derni\u00e8res ann\u00e9es dans l&rsquo;\u00e9closion de jeunes talents. Quant \u00e0 Colomiers, il s&rsquo;agira de remplacer l&rsquo;un des meilleurs marqueurs sur cette p\u00e9riode (6 essais puis 7 et 3 sur cette saison en cours). On esp\u00e8re que le joker m\u00e9dical\u00a0Mat\u00edas Osadczuk, venu pour pallier les absences de Salles, Saurs et Auriac, fasse ses preuves sur les trois prochains mois. L&rsquo;Argentin, sp\u00e9cialiste du 7, pourrait conna\u00eetre sa premi\u00e8re feuille de match \u00e0 Carcassonne la semaine prochaine.<\/p>\n","protected":false},"excerpt":{"rendered":"Facteur X de Colomiers rugby, l&rsquo;international portugais Rodrigo Marta devrait quitter la Colombe pour rejoindre la Section paloise&hellip;\n","protected":false},"author":2,"featured_media":452688,"comment_status":"","ping_status":"","sticky":false,"template":"","format":"standard","meta":{"footnotes":""},"categories":[1416],"tags":[1011,27,479,1468,60],"class_list":{"0":"post-452687","1":"post","2":"type-post","3":"status-publish","4":"format-standard","5":"has-post-thumbnail","7":"category-rugby","8":"tag-fr","9":"tag-france","10":"tag-rugby","11":"tag-rugby-football","12":"tag-sports"},"share_on_mastodon":{"url":"https:\/\/pubeurope.com\/@fr\/115350307041064768","error":""},"_links":{"self":[{"href":"https:\/\/www.europesays.com\/fr\/wp-json\/wp\/v2\/posts\/452687","targetHints":{"allow":["GET"]}}],"collection":[{"href":"https:\/\/www.europesays.com\/fr\/wp-json\/wp\/v2\/posts"}],"about":[{"href":"https:\/\/www.europesays.com\/fr\/wp-json\/wp\/v2\/types\/post"}],"author":[{"embeddable":true,"href":"https:\/\/www.europesays.com\/fr\/wp-json\/wp\/v2\/users\/2"}],"replies":[{"embeddable":true,"href":"https:\/\/www.europesays.com\/fr\/wp-json\/wp\/v2\/comments?post=452687"}],"version-history":[{"count":0,"href":"https:\/\/www.europesays.com\/fr\/wp-json\/wp\/v2\/posts\/452687\/revisions"}],"wp:featuredmedia":[{"embeddable":true,"href":"https:\/\/www.europesays.com\/fr\/wp-json\/wp\/v2\/media\/452688"}],"wp:attachment":[{"href":"https:\/\/www.europesays.com\/fr\/wp-json\/wp\/v2\/media?parent=452687"}],"wp:term":[{"taxonomy":"category","embeddable":true,"href":"https:\/\/www.europesays.com\/fr\/wp-json\/wp\/v2\/categories?post=452687"},{"taxonomy":"post_tag","embeddable":true,"href":"https:\/\/www.europesays.com\/fr\/wp-json\/wp\/v2\/tags?post=452687"}],"curies":[{"name":"wp","href":"https:\/\/api.w.org\/{rel}","templated":true}]}}