{"id":452693,"date":"2025-10-10T14:22:10","date_gmt":"2025-10-10T14:22:10","guid":{"rendered":"https:\/\/www.europesays.com\/fr\/452693\/"},"modified":"2025-10-10T14:22:10","modified_gmt":"2025-10-10T14:22:10","slug":"f1-journee-de-la-sante-mentale-alpine-milite-pour-le-bien-etre-psychologique-en-sport-auto","status":"publish","type":"post","link":"https:\/\/www.europesays.com\/fr\/452693\/","title":{"rendered":"F1 Journ\u00e9e de la sant\u00e9 mentale, Alpine milite pour le bien \u00eatre psychologique en sport auto !"},"content":{"rendered":"<p>A l\u2019occasion de la journ\u00e9e mondiale de la sant\u00e9 mentale, ce vendredi 10 octobre 2025, Alpine s\u2019engage, afin d\u2019am\u00e9liorer le bien-\u00eatre psychologique, dans le sport automobile. Avec son partenaire en la mati\u00e8re, JAAQ \u2013 Just Ask A Question.<\/p>\n<p>Alpine poursuit son engagement via une plateforme d\u00e9di\u00e9e \u00e0 la sant\u00e9 mentale<\/p>\n<p>Cette saison, l\u2019\u00e9quipe BWT Alpine Formula One Team a intensifi\u00e9 son travail, entam\u00e9 l\u2019ann\u00e9e derni\u00e8re, dans le but d\u2019aider les membres du Team d\u2019Enstone \u00e0 mieux appr\u00e9hender leur propre sant\u00e9 psychologique, de m\u00eame que celle de leur entourage par le biais d\u2019un environnement s\u00fbr et bienveillant.<\/p>\n<p>Pilote officiel d\u2019Alpine en F1, <a href=\"https:\/\/lemagsportauto.ouest-france.fr\/tag\/pierre-gasly\/\" target=\"_blank\" rel=\"noopener\">Pierre Gasly<\/a> explique sur JAAQ, comment poser une question mais aussi, comment l\u2019int\u00e9ress\u00e9 s\u2019y prend pour g\u00e9rer les diff\u00e9rents \u00e9v\u00e9nements v\u00e9cus en Formule 1, qu\u2019ils soient positifs ou n\u00e9gatifs.<\/p>\n<p>Pierre Gasly, pilote BWT Alpine Formula One Team: \u00ab Je trouve la plateforme JAAQ formidable pour celles et ceux qui consultent ces vid\u00e9os afin d\u2019en apprendre davantage sur eux-m\u00eames et, je l\u2019esp\u00e8re, pour am\u00e9liorer leur qualit\u00e9 de vie et leur sant\u00e9 mentale. La plateforme permet \u00e0 chacun de s\u2019autoriser \u00e0 ressentir ses \u00e9motions. Nous sommes tous diff\u00e9rents. Nous cherchons souvent des exemples et des conseils sur ce que nous devrions ressentir et faire, mais je pense vraiment que chaque individu est unique. Vous d\u00e9couvrez ce qui fonctionne pour vous au fil du processus, \u00e0 votre rythme. Soyez indulgent envers vous-m\u00eame, et cela peut d\u00e9j\u00e0 aider. \u00bb<\/p>\n<blockquote class=\"twitter-tweet\">\n<p dir=\"ltr\" lang=\"en\">Working hard as a team \ud83d\udcaa <a href=\"https:\/\/t.co\/oLWe77yYo9\">pic.twitter.com\/oLWe77yYo9<\/a><\/p>\n<p>\u2014 BWT Alpine Formula One Team (@AlpineF1Team) <a href=\"https:\/\/twitter.com\/AlpineF1Team\/status\/1975863858716954662?ref_src=twsrc%5Etfw\" target=\"_blank\" rel=\"noopener\">October 8, 2025<\/a><\/p>\n<\/blockquote>\n<p>Article publi\u00e9 le 10\/10\/2025 \u00e0 15h58<\/p>\n<p>                                                            <script async src=\"https:\/\/platform.twitter.com\/widgets.js\" charset=\"utf-8\"><\/script><\/p>\n","protected":false},"excerpt":{"rendered":"A l\u2019occasion de la journ\u00e9e mondiale de la sant\u00e9 mentale, ce vendredi 10 octobre 2025, Alpine s\u2019engage, afin&hellip;\n","protected":false},"author":2,"featured_media":452694,"comment_status":"","ping_status":"","sticky":false,"template":"","format":"standard","meta":{"footnotes":""},"categories":[1412],"tags":[2674,1451,1452,1453,1454,1455,1011,27,60],"class_list":{"0":"post-452693","1":"post","2":"type-post","3":"status-publish","4":"format-standard","5":"has-post-thumbnail","7":"category-f1","8":"tag-alpine","9":"tag-f1","10":"tag-formula-1","11":"tag-formula1","12":"tag-formule-1","13":"tag-formule1","14":"tag-fr","15":"tag-france","16":"tag-sports"},"share_on_mastodon":{"url":"https:\/\/pubeurope.com\/@fr\/115350322924635440","error":""},"_links":{"self":[{"href":"https:\/\/www.europesays.com\/fr\/wp-json\/wp\/v2\/posts\/452693","targetHints":{"allow":["GET"]}}],"collection":[{"href":"https:\/\/www.europesays.com\/fr\/wp-json\/wp\/v2\/posts"}],"about":[{"href":"https:\/\/www.europesays.com\/fr\/wp-json\/wp\/v2\/types\/post"}],"author":[{"embeddable":true,"href":"https:\/\/www.europesays.com\/fr\/wp-json\/wp\/v2\/users\/2"}],"replies":[{"embeddable":true,"href":"https:\/\/www.europesays.com\/fr\/wp-json\/wp\/v2\/comments?post=452693"}],"version-history":[{"count":0,"href":"https:\/\/www.europesays.com\/fr\/wp-json\/wp\/v2\/posts\/452693\/revisions"}],"wp:featuredmedia":[{"embeddable":true,"href":"https:\/\/www.europesays.com\/fr\/wp-json\/wp\/v2\/media\/452694"}],"wp:attachment":[{"href":"https:\/\/www.europesays.com\/fr\/wp-json\/wp\/v2\/media?parent=452693"}],"wp:term":[{"taxonomy":"category","embeddable":true,"href":"https:\/\/www.europesays.com\/fr\/wp-json\/wp\/v2\/categories?post=452693"},{"taxonomy":"post_tag","embeddable":true,"href":"https:\/\/www.europesays.com\/fr\/wp-json\/wp\/v2\/tags?post=452693"}],"curies":[{"name":"wp","href":"https:\/\/api.w.org\/{rel}","templated":true}]}}