{"id":452695,"date":"2025-10-10T14:23:18","date_gmt":"2025-10-10T14:23:18","guid":{"rendered":"https:\/\/www.europesays.com\/fr\/452695\/"},"modified":"2025-10-10T14:23:18","modified_gmt":"2025-10-10T14:23:18","slug":"a-quelle-heure-et-ou-voir-passer-les-coureurs-pres-de-chez-vous","status":"publish","type":"post","link":"https:\/\/www.europesays.com\/fr\/452695\/","title":{"rendered":"\u00e0 quelle heure et o\u00f9 voir passer les coureurs pr\u00e8s de chez vous ?"},"content":{"rendered":"<p>La derni\u00e8re course fran\u00e7aise du calendrier cycliste professionnel, Paris-Tours, a lieu ce dimanche 12\u00a0octobre. Avec les c\u00f4tes et chemins de vigne qui pimentent le final depuis 2018, l\u2019\u00e9preuve promet toujours un beau spectacle, aussi bien pour ceux qui seront au bord de la route que pour ceux qui suivent la course \u00e0 la t\u00e9l\u00e9vision.<\/p>\n<p><strong>&gt;\u00a0Le parcours.<\/strong> Le d\u00e9part sera donn\u00e9 \u00e0 11\u00a0h\u00a055 \u00e0 Chartres, et apr\u00e8s quelques kilom\u00e8tres de parcours fictif \u00e0 faible allure, le d\u00e9part r\u00e9el sera donn\u00e9 \u00e0 Morancez \u00e0 12\u00a0h\u00a010. Jusqu\u2019\u00e0 la nouvelle arriv\u00e9e, jug\u00e9e boulevard B\u00e9ranger \u00e0 Tours, il y aura 211,6\u00a0km \u00e0 parcourir. Apr\u00e8s 70\u00a0km en Eure-et-Loir, le peloton entrera dans le Loir-et-Cher au niveau de Fontaine-Raoul vers 13\u00a0h\u00a045, et se dirigera vers Vend\u00f4me (entre 14\u00a0h\u00a017 et 14\u00a0h\u00a029), o\u00f9 les routes d\u00e9gag\u00e9es peuvent \u00eatre propices \u00e0 des bordures.<\/p>\n<p><img alt=\"Le parcours entier de cette 119e \u00e9dition de Paris-Tours.\" loading=\"lazy\" width=\"980\" height=\"573\" decoding=\"async\" data-nimg=\"1\" class=\"img-responsive spinner-show\" style=\"color:transparent;background-size:cover;background-position:50% 50%;background-repeat:no-repeat;background-image:url(&quot;data:image\/svg+xml;charset=utf-8,%3Csvg xmlns='http:\/\/www.w3.org\/2000\/svg' viewBox='0 0 980 573'%3E%3Cfilter id='b' color-interpolation-filters='sRGB'%3E%3CfeGaussianBlur stdDeviation='20'\/%3E%3CfeColorMatrix values='1 0 0 0 0 0 1 0 0 0 0 0 1 0 0 0 0 0 100 -1' result='s'\/%3E%3CfeFlood x='0' y='0' width='100%25' height='100%25'\/%3E%3CfeComposite operator='out' in='s'\/%3E%3CfeComposite in2='SourceGraphic'\/%3E%3CfeGaussianBlur stdDeviation='20'\/%3E%3C\/filter%3E%3Cimage width='100%25' height='100%25' x='0' y='0' preserveAspectRatio='none' style='filter: url(%23b);' href='https:\/\/images.lanouvellerepublique.fr\/image\/upload\/t_88w\/f_auto\/68e8f5da55b6f504338b459c.jpg'\/%3E%3C\/svg%3E&quot;)\"   src=\"https:\/\/www.europesays.com\/fr\/wp-content\/uploads\/2025\/10\/68e8f5da55b6f504338b459c.jpg\"\/><\/p>\n<p style=\"background-color:#F2F2F2;padding:5px;margin-top:0px;margin-bottom:10px\">Le parcours entier de cette 119e \u00e9dition de Paris-Tours.<br \/> \u00a9 (Infographie NR)<\/p>\n<p>Apr\u00e8s le Loir-et-Cher, place \u00e0 l\u2019Indre-et-Loire \u00e0 partir du km 132, au niveau de Dame-Marie-les-Bois. Les 70 derniers kilom\u00e8tres de l\u2019arriv\u00e9e concentrent les principales difficult\u00e9s de l\u2019\u00e9preuve, avec la premi\u00e8re des huit c\u00f4tes \u00e0 Cangey (entre 15\u00a0h\u00a017 et 15\u00a0h\u00a035) et le premier des neuf chemins de vigne \u00e0 Limeray (entre 15\u00a0h\u00a021 et 15\u00a0h\u00a039).<\/p>\n<p><img alt=\"Les 70 derniers kilom\u00e8tres de la course sont parsem\u00e9s de chemins de vigne et de c\u00f4tes.\" loading=\"lazy\" width=\"980\" height=\"573\" decoding=\"async\" data-nimg=\"1\" class=\"img-responsive spinner-show\" style=\"color:transparent;background-size:cover;background-position:50% 50%;background-repeat:no-repeat;background-image:url(&quot;data:image\/svg+xml;charset=utf-8,%3Csvg xmlns='http:\/\/www.w3.org\/2000\/svg' viewBox='0 0 980 573'%3E%3Cfilter id='b' color-interpolation-filters='sRGB'%3E%3CfeGaussianBlur stdDeviation='20'\/%3E%3CfeColorMatrix values='1 0 0 0 0 0 1 0 0 0 0 0 1 0 0 0 0 0 100 -1' result='s'\/%3E%3CfeFlood x='0' y='0' width='100%25' height='100%25'\/%3E%3CfeComposite operator='out' in='s'\/%3E%3CfeComposite in2='SourceGraphic'\/%3E%3CfeGaussianBlur stdDeviation='20'\/%3E%3C\/filter%3E%3Cimage width='100%25' height='100%25' x='0' y='0' preserveAspectRatio='none' style='filter: url(%23b);' href='https:\/\/images.lanouvellerepublique.fr\/image\/upload\/t_88w\/f_auto\/68e8f5da55b6f5d8328b45b9.jpg'\/%3E%3C\/svg%3E&quot;)\"   src=\"https:\/\/www.europesays.com\/fr\/wp-content\/uploads\/2025\/10\/68e8f5da55b6f5d8328b45b9.jpg\"\/><\/p>\n<p style=\"background-color:#F2F2F2;padding:5px;margin-top:0px;margin-bottom:10px\">Les 70 derniers kilom\u00e8tres de la course sont parsem\u00e9s de chemins de vigne et de c\u00f4tes.<br \/> \u00a9 (Infographie NR)<\/p>\n<p>La victoire sera jug\u00e9e boulevard B\u00e9ranger \u00e0 Tours entre 16\u00a0h\u00a045 et 17\u00a0h\u00a012.<\/p>\n<p>\u00c0 noter que deux autres courses sont organis\u00e9es dans le cadre de Paris-Tours\u00a0: l\u2019\u00e9preuve espoirs, qui s\u2019\u00e9lancera de Bonneval (Eure-et-Loir) \u00e0 11\u00a0h\u00a040 et arrivera \u00e9galement avenue de Grammont vers 16\u00a0h, apr\u00e8s 176,5\u00a0km\u00a0; et le traditionnel kilom\u00e8tre de Paris-Tours, disput\u00e9 entre 11\u00a0h\u00a015 et 14\u00a0h\u00a050 sur le boulevard B\u00e9ranger.<\/p>\n<p><strong>&gt;\u00a0Suivre la course \u00e0 distance.<\/strong> Si vous ne pouvez pas ou ne voulez pas vous rendre sur le parcours, La Nouvelle R\u00e9publique vous proposera un suivi de la course en direct sur lanr.fr, \u00e0 partir de 14\u00a0h\u00a045. Paris-Tours sera diffus\u00e9 sur France\u00a03 et Eurosport \u00e0 partir de 15\u00a0h.<\/p>\n","protected":false},"excerpt":{"rendered":"La derni\u00e8re course fran\u00e7aise du calendrier cycliste professionnel, Paris-Tours, a lieu ce dimanche 12\u00a0octobre. Avec les c\u00f4tes et&hellip;\n","protected":false},"author":2,"featured_media":452696,"comment_status":"","ping_status":"","sticky":false,"template":"","format":"standard","meta":{"footnotes":""},"categories":[1411],"tags":[328,1392,7502,57828,57832,1154,207,57827,1011,27,57831,1387,57833,57829,4368,57834,57826,60,1390,4369,57830,29646],"class_list":{"0":"post-452695","1":"post","2":"type-post","3":"status-publish","4":"format-standard","5":"has-post-thumbnail","7":"category-cyclisme","8":"tag-a-la-une","9":"tag-a-la-une-local","10":"tag-amboise","11":"tag-cangey","12":"tag-crucheray","13":"tag-cycling","14":"tag-cyclisme","15":"tag-dame-marie-les-bois","16":"tag-fr","17":"tag-france","18":"tag-herbault","19":"tag-indre-et-loire","20":"tag-la-ville-aux-clercs","21":"tag-limeray","22":"tag-loir-et-cher","23":"tag-paris-tours","24":"tag-rochecorbon","25":"tag-sports","26":"tag-tours","27":"tag-vendome","28":"tag-vernou-sur-brenne","29":"tag-vouvray"},"share_on_mastodon":{"url":"https:\/\/pubeurope.com\/@fr\/115350327362731611","error":""},"_links":{"self":[{"href":"https:\/\/www.europesays.com\/fr\/wp-json\/wp\/v2\/posts\/452695","targetHints":{"allow":["GET"]}}],"collection":[{"href":"https:\/\/www.europesays.com\/fr\/wp-json\/wp\/v2\/posts"}],"about":[{"href":"https:\/\/www.europesays.com\/fr\/wp-json\/wp\/v2\/types\/post"}],"author":[{"embeddable":true,"href":"https:\/\/www.europesays.com\/fr\/wp-json\/wp\/v2\/users\/2"}],"replies":[{"embeddable":true,"href":"https:\/\/www.europesays.com\/fr\/wp-json\/wp\/v2\/comments?post=452695"}],"version-history":[{"count":0,"href":"https:\/\/www.europesays.com\/fr\/wp-json\/wp\/v2\/posts\/452695\/revisions"}],"wp:featuredmedia":[{"embeddable":true,"href":"https:\/\/www.europesays.com\/fr\/wp-json\/wp\/v2\/media\/452696"}],"wp:attachment":[{"href":"https:\/\/www.europesays.com\/fr\/wp-json\/wp\/v2\/media?parent=452695"}],"wp:term":[{"taxonomy":"category","embeddable":true,"href":"https:\/\/www.europesays.com\/fr\/wp-json\/wp\/v2\/categories?post=452695"},{"taxonomy":"post_tag","embeddable":true,"href":"https:\/\/www.europesays.com\/fr\/wp-json\/wp\/v2\/tags?post=452695"}],"curies":[{"name":"wp","href":"https:\/\/api.w.org\/{rel}","templated":true}]}}