{"id":452699,"date":"2025-10-10T14:25:13","date_gmt":"2025-10-10T14:25:13","guid":{"rendered":"https:\/\/www.europesays.com\/fr\/452699\/"},"modified":"2025-10-10T14:25:13","modified_gmt":"2025-10-10T14:25:13","slug":"princesse-charlotte-kate-middleton-fait-une-confidence-sur-cette-passion-grandissante-de-la-fillette","status":"publish","type":"post","link":"https:\/\/www.europesays.com\/fr\/452699\/","title":{"rendered":"Princesse Charlotte : Kate Middleton fait une confidence sur cette passion grandissante de la fillette"},"content":{"rendered":"<p data-start=\"125\" data-end=\"521\">Jeudi dernier, <strong>Kate<br \/>\nMiddleton<\/strong> a une nouvelle fois montr\u00e9 sa complicit\u00e9 avec<br \/>\nles enfants lors d\u2019une visite au centre Home-Start d\u2019Oxford. En<br \/>\nplus de participer aux activit\u00e9s et aux jeux organis\u00e9s pour les<br \/>\npetits, elle a profit\u00e9 de l\u2019occasion pour \u00e9voquer ses propres<br \/>\nenfants avec les responsables du centre. La duchesse a notamment<br \/>\nparl\u00e9 de l\u2019int\u00e9r\u00eat cr\u00e9atif de sa fille, la <a href=\"https:\/\/www.closermag.fr\/royautes\/princesse-charlotte-la-reaction-surprenante-de-camilla-quand-la-fillette-a-brise-le-protocole-royal-3582311\" rel=\"nofollow noopener\" target=\"_blank\"><br \/>\nprincesse Charlotte<\/a>.<\/p>\n<p data-start=\"523\" data-end=\"807\">D&rsquo;apr\u00e8s Mariam Namakula, une<br \/>\naccompagnatrice, Kate Middleton a expliqu\u00e9 combien Charlotte<br \/>\n\u00ab\u00a0aime <strong>le plein air<\/strong>, faire des activit\u00e9s et<br \/>\ncr\u00e9er des choses\u00a0\u00bb. Il semble donc que l\u2019artisanat et les<br \/>\nactivit\u00e9s cr\u00e9atives occupent d\u00e9sormais une place importante dans<br \/>\nson quotidien de princesse.<\/p>\n<p><img loading=\"lazy\" decoding=\"async\" aria-describedby=\"caption-attachment-3563129\" itemprop=\"thumbnailUrl\" class=\"size-full wp-image-3563129 img-responsive\" src=\"https:\/\/www.europesays.com\/fr\/wp-content\/uploads\/2025\/10\/bestimage_00689627_000035-1.jpg\" alt=\"\" width=\"1200\" height=\"775\"\/> \u00a9 BESTIMAGE<\/p>\n<p id=\"caption-attachment-3563129\" class=\"wp-caption-text\">\nBestimage<\/p>\n<p>Cette activit\u00e9 manuelle que<br \/>\nKate Middleton aime faire avec Charlotte, Louis et George<\/p>\n<p data-start=\"902\" data-end=\"1202\">D&rsquo;apr\u00e8s l&rsquo;\u00e9pouse du <a href=\"https:\/\/www.closermag.fr\/royautes\/prince-william-bouleverse-il-evoque-ce-deuil-terrible-que-kate-et-ses-enfants-ont-du-affronter-en-plein-confinement-3585544\" rel=\"nofollow noopener\" target=\"_blank\"><br \/>\nprince William<\/a>, la famille royale a pass\u00e9 beaucoup de temps \u00e0<br \/>\nbricoler \u00ab\u00a0dans tous les coins de la maison\u00a0\u00bb pendant les<br \/>\nvacances d&rsquo;\u00e9t\u00e9. Kate Middleton, passionn\u00e9e d\u2019histoire de l\u2019art et<br \/>\ndipl\u00f4m\u00e9e de l\u2019Universit\u00e9 de St Andrews, semble transmettre son<br \/>\namour pour l&rsquo;art \u00e0 ses enfants.<\/p>\n<p data-start=\"1204\" data-end=\"1590\">Elle avait d\u00e9j\u00e0 partag\u00e9<br \/>\nplusieurs portraits r\u00e9alis\u00e9s par ses trois enfants dans le cadre de<br \/>\nson initiative pour la petite enfance. \u00ab\u00a0<strong>Dessiner des<br \/>\nportraits<\/strong> avec des enfants peut offrir un moment de<br \/>\nconnexion pendant que vous passez du temps \u00e0 vous regarder et \u00e0<br \/>\nvous concentrer les uns sur les autres, ainsi qu\u2019\u00e0 \u00eatre cr\u00e9atif et<br \/>\nsurtout \u00e0 s\u2019amuser beaucoup ensemble\u00a0\u00bb, a-t-elle d\u00e9clar\u00e9.<\/p>\n<p>Kate<br \/>\nMiddleton complice avec les enfants<\/p>\n<p data-start=\"1640\" data-end=\"1963\">Lors de sa visite \u00e0<br \/>\nHome-Start, <a href=\"https:\/\/www.closermag.fr\/royautes\/kate-middleton-tres-inquiete-elle-fait-une-serieuse-mise-en-garde-contre-cette-epidemie-et-ca-parlera-a-tout-le-monde-3585669\" rel=\"nofollow noopener\" target=\"_blank\"><br \/>\nKate Middleton<\/a> a \u00e9galement soulign\u00e9 \u00e0 quel point ses enfants<br \/>\ngrandissent vite. \u00ab\u00a0Elle a dit que George a 12 ans et qu\u2019il<br \/>\ncommencerait bient\u00f4t l\u2019\u00e9cole secondaire\u00a0\u00bb, a confi\u00e9 Mariam.<br \/>\nFace aux pitreries des enfants, Kate a ajout\u00e9, avec humour :<br \/>\n\u00ab\u00a0Plus c\u2019est d\u00e9sordonn\u00e9, meilleur est le plaisir\u00a0\u00bb.<\/p>\n<p data-start=\"1965\" data-end=\"2251\">Durant ce pr\u00e9cieux moment<br \/>\npartag\u00e9 avec les enfants, la princesse de Galles s&rsquo;est amus\u00e9e avec<br \/>\nl&rsquo;un d&rsquo;entre eux, qui a maladroitement mis un peu de farine sur son<br \/>\ntailleur-pantalon. \u00ab\u00a0Qu\u2019est-ce que tu fais ? Est-ce que tu fais<br \/>\nun g\u00e2teau ? D\u00e9licieux\u00a0\u00bb, a-t-elle lanc\u00e9 entre deux rires.<\/p>\n","protected":false},"excerpt":{"rendered":"Jeudi dernier, Kate Middleton a une nouvelle fois montr\u00e9 sa complicit\u00e9 avec les enfants lors d\u2019une visite au&hellip;\n","protected":false},"author":2,"featured_media":452700,"comment_status":"","ping_status":"","sticky":false,"template":"","format":"standard","meta":{"footnotes":""},"categories":[1359],"tags":[58,59,1011,27,5858,973,6985],"class_list":{"0":"post-452699","1":"post","2":"type-post","3":"status-publish","4":"format-standard","5":"has-post-thumbnail","7":"category-people","8":"tag-divertissement","9":"tag-entertainment","10":"tag-fr","11":"tag-france","12":"tag-kate-middleton","13":"tag-people","14":"tag-princesse-charlotte"},"share_on_mastodon":{"url":"https:\/\/pubeurope.com\/@fr\/115350334691158713","error":""},"_links":{"self":[{"href":"https:\/\/www.europesays.com\/fr\/wp-json\/wp\/v2\/posts\/452699","targetHints":{"allow":["GET"]}}],"collection":[{"href":"https:\/\/www.europesays.com\/fr\/wp-json\/wp\/v2\/posts"}],"about":[{"href":"https:\/\/www.europesays.com\/fr\/wp-json\/wp\/v2\/types\/post"}],"author":[{"embeddable":true,"href":"https:\/\/www.europesays.com\/fr\/wp-json\/wp\/v2\/users\/2"}],"replies":[{"embeddable":true,"href":"https:\/\/www.europesays.com\/fr\/wp-json\/wp\/v2\/comments?post=452699"}],"version-history":[{"count":0,"href":"https:\/\/www.europesays.com\/fr\/wp-json\/wp\/v2\/posts\/452699\/revisions"}],"wp:featuredmedia":[{"embeddable":true,"href":"https:\/\/www.europesays.com\/fr\/wp-json\/wp\/v2\/media\/452700"}],"wp:attachment":[{"href":"https:\/\/www.europesays.com\/fr\/wp-json\/wp\/v2\/media?parent=452699"}],"wp:term":[{"taxonomy":"category","embeddable":true,"href":"https:\/\/www.europesays.com\/fr\/wp-json\/wp\/v2\/categories?post=452699"},{"taxonomy":"post_tag","embeddable":true,"href":"https:\/\/www.europesays.com\/fr\/wp-json\/wp\/v2\/tags?post=452699"}],"curies":[{"name":"wp","href":"https:\/\/api.w.org\/{rel}","templated":true}]}}