{"id":452701,"date":"2025-10-10T14:26:26","date_gmt":"2025-10-10T14:26:26","guid":{"rendered":"https:\/\/www.europesays.com\/fr\/452701\/"},"modified":"2025-10-10T14:26:26","modified_gmt":"2025-10-10T14:26:26","slug":"les-oeuvres-de-lartiste-lourdais-gerard-gharbi-exposees-a-paris-lourdes-actu","status":"publish","type":"post","link":"https:\/\/www.europesays.com\/fr\/452701\/","title":{"rendered":"Les \u0153uvres\u00a0de l\u2019artiste Lourdais G\u00e9rard Gharbi expos\u00e9es \u00e0 Paris \u2013 LOURDES-ACTU"},"content":{"rendered":"<p>L\u2019artiste autodidacte Lourdais G\u00e9rard GHARBI, a \u00e9t\u00e9 retenu, pour exposer ses \u0153uvres, par la Galerie d\u2019Art \u00ab\u00a0Mona Lisa\u00a0\u00bb 32, rue de Varenne \u00e0 Paris \u00e0 partir du 18 octobre et pour 15 jours. <\/p>\n<p>Ce talentueux cr\u00e9ateur repr\u00e9sentant du Recup\u2019 Art, est un sculpteur qui travaille le m\u00e9tal dans un style contemporain avec des assemblages surprenants de pi\u00e8ces vou\u00e9es \u00e0 l\u2019oxydation, \u00ab\u00a0ferrailles\u00a0\u00bb qu\u2019il r\u00e9cup\u00e8re pour les sublimer. (Il a d\u2019ailleurs re\u00e7u d\u00e9j\u00e0 de nombreuses distinctions)<\/p>\n<p>Des \u0153uvres \u00e9tonnantes repr\u00e9sentant notamment toute une mythologie d\u2019animaux : taureaux, chiens, poissons, oiseaux, libellules\u2026<\/p>\n<p>L\u2019artiste tient \u00e0 remercier les proches et les amis (comme ses amis les Barrouqu\u00e8re qui l\u2019ont beaucoup aid\u00e9s, voir derni\u00e8re photo).\u00a0<\/p>\n<p>Annie MURATORE<\/p>\n<p>                    <a href=\"#\" rel=\"nofollow\" onclick=\"window.print(); return false;\" title=\"Printer Friendly, PDF &amp; Email\"><br \/>\n                    <img data-recalc-dims=\"1\" decoding=\"async\" class=\"pf-button-img\" src=\"https:\/\/www.europesays.com\/fr\/wp-content\/uploads\/2025\/10\/printfriendly-pdf-email-button.png\" alt=\"Print Friendly, PDF &amp; Email\" style=\"width: 170px;height: 24px;\"\/><br \/>\n                    <\/a><\/p>\n","protected":false},"excerpt":{"rendered":"L\u2019artiste autodidacte Lourdais G\u00e9rard GHARBI, a \u00e9t\u00e9 retenu, pour exposer ses \u0153uvres, par la Galerie d\u2019Art \u00ab\u00a0Mona Lisa\u00a0\u00bb&hellip;\n","protected":false},"author":2,"featured_media":452702,"comment_status":"","ping_status":"","sticky":false,"template":"","format":"standard","meta":{"footnotes":""},"categories":[1358],"tags":[1348,1384,1385,1386,58,59,1011,27],"class_list":{"0":"post-452701","1":"post","2":"type-post","3":"status-publish","4":"format-standard","5":"has-post-thumbnail","7":"category-arts-et-design","8":"tag-arts","9":"tag-arts-and-design","10":"tag-arts-et-design","11":"tag-design","12":"tag-divertissement","13":"tag-entertainment","14":"tag-fr","15":"tag-france"},"share_on_mastodon":{"url":"https:\/\/pubeurope.com\/@fr\/115350338597383907","error":""},"_links":{"self":[{"href":"https:\/\/www.europesays.com\/fr\/wp-json\/wp\/v2\/posts\/452701","targetHints":{"allow":["GET"]}}],"collection":[{"href":"https:\/\/www.europesays.com\/fr\/wp-json\/wp\/v2\/posts"}],"about":[{"href":"https:\/\/www.europesays.com\/fr\/wp-json\/wp\/v2\/types\/post"}],"author":[{"embeddable":true,"href":"https:\/\/www.europesays.com\/fr\/wp-json\/wp\/v2\/users\/2"}],"replies":[{"embeddable":true,"href":"https:\/\/www.europesays.com\/fr\/wp-json\/wp\/v2\/comments?post=452701"}],"version-history":[{"count":0,"href":"https:\/\/www.europesays.com\/fr\/wp-json\/wp\/v2\/posts\/452701\/revisions"}],"wp:featuredmedia":[{"embeddable":true,"href":"https:\/\/www.europesays.com\/fr\/wp-json\/wp\/v2\/media\/452702"}],"wp:attachment":[{"href":"https:\/\/www.europesays.com\/fr\/wp-json\/wp\/v2\/media?parent=452701"}],"wp:term":[{"taxonomy":"category","embeddable":true,"href":"https:\/\/www.europesays.com\/fr\/wp-json\/wp\/v2\/categories?post=452701"},{"taxonomy":"post_tag","embeddable":true,"href":"https:\/\/www.europesays.com\/fr\/wp-json\/wp\/v2\/tags?post=452701"}],"curies":[{"name":"wp","href":"https:\/\/api.w.org\/{rel}","templated":true}]}}