{"id":452703,"date":"2025-10-10T14:27:11","date_gmt":"2025-10-10T14:27:11","guid":{"rendered":"https:\/\/www.europesays.com\/fr\/452703\/"},"modified":"2025-10-10T14:27:11","modified_gmt":"2025-10-10T14:27:11","slug":"rencontre-avec-duf-auteur-et-dessinateur-de-bd","status":"publish","type":"post","link":"https:\/\/www.europesays.com\/fr\/452703\/","title":{"rendered":"rencontre avec Duf, auteur et dessinateur de BD"},"content":{"rendered":"<p>La biblioth\u00e8que Quartier livres de La Clayette et le r\u00e9seau des biblioth\u00e8ques de la communaut\u00e9 de communes Brionnais Sud Bourgogne accueillent une rencontre litt\u00e9raire dans le cadre d\u2019 Escale en livres propos\u00e9e par <a href=\"https:\/\/www.lejsl.com\/culture-loisirs\/2024\/04\/12\/le-petit-rameur-et-l-auberge-de-la-croix-blanche-font-salon\" target=\"_blank\" rel=\"noopener\">l\u2019association clayettoise Le Petit rameur<\/a>. L\u2019Escale en livres est constitu\u00e9e d\u2019\u00e9tapes qui conduisent le lecteur et le curieux jusqu\u2019au salon Voyage en livres, organis\u00e9 chaque ann\u00e9e au printemps par l\u2019association.<\/p>\n<p>Duf, auteur et dessinateur de BD, nous parlera de son parcours, de ses albums, comment il travaille\u2026 La rencontre se prolongera avec des \u00e9changes, ainsi qu\u2019une s\u00e9ance de d\u00e9dicaces.<\/p>\n<p>Philippe Dufour, plus connu sous le nom de Duf, est n\u00e9 en 1962 au Creusot. Il arrive dans la Ni\u00e8vre \u00e0 l\u2019\u00e2ge de 8 ans. Il a toujours dessin\u00e9. \u00c0 9 ans il fait sa premi\u00e8re BD. Ses inspirations viennent du Journal de Mickey dont il reproduit les couvertures chaque semaine, puis Herg\u00e9, Uderzo et \u00e0 l\u2019adolescence, il d\u00e9couvre Gotlib. Plus tard encore, ce sera Reiser qui lui donnera le go\u00fbt de l\u2019humour trash.<\/p>\n<p class=\"note\">Le 19\u00a0octobre \u00e0 15 heures, biblioth\u00e8que Quartier livres, 1 passage du Vieux-Moulin. Entr\u00e9e libre.<\/p>\n","protected":false},"excerpt":{"rendered":"La biblioth\u00e8que Quartier livres de La Clayette et le r\u00e9seau des biblioth\u00e8ques de la communaut\u00e9 de communes Brionnais&hellip;\n","protected":false},"author":2,"featured_media":452704,"comment_status":"","ping_status":"","sticky":false,"template":"","format":"standard","meta":{"footnotes":""},"categories":[1357],"tags":[1379,6211,1687,58,3895,59,107,1011,27,7074,7075,1380,5486],"class_list":{"0":"post-452703","1":"post","2":"type-post","3":"status-publish","4":"format-standard","5":"has-post-thumbnail","7":"category-livres","8":"tag-books","9":"tag-conference","10":"tag-culture-loisirs","11":"tag-divertissement","12":"tag-edition-charolais-brionnais","13":"tag-entertainment","14":"tag-fil-info","15":"tag-fr","16":"tag-france","17":"tag-la-clayette","18":"tag-la-clayette-bassin","19":"tag-livres","20":"tag-rencontre"},"share_on_mastodon":{"url":"https:\/\/pubeurope.com\/@fr\/115350342496732755","error":""},"_links":{"self":[{"href":"https:\/\/www.europesays.com\/fr\/wp-json\/wp\/v2\/posts\/452703","targetHints":{"allow":["GET"]}}],"collection":[{"href":"https:\/\/www.europesays.com\/fr\/wp-json\/wp\/v2\/posts"}],"about":[{"href":"https:\/\/www.europesays.com\/fr\/wp-json\/wp\/v2\/types\/post"}],"author":[{"embeddable":true,"href":"https:\/\/www.europesays.com\/fr\/wp-json\/wp\/v2\/users\/2"}],"replies":[{"embeddable":true,"href":"https:\/\/www.europesays.com\/fr\/wp-json\/wp\/v2\/comments?post=452703"}],"version-history":[{"count":0,"href":"https:\/\/www.europesays.com\/fr\/wp-json\/wp\/v2\/posts\/452703\/revisions"}],"wp:featuredmedia":[{"embeddable":true,"href":"https:\/\/www.europesays.com\/fr\/wp-json\/wp\/v2\/media\/452704"}],"wp:attachment":[{"href":"https:\/\/www.europesays.com\/fr\/wp-json\/wp\/v2\/media?parent=452703"}],"wp:term":[{"taxonomy":"category","embeddable":true,"href":"https:\/\/www.europesays.com\/fr\/wp-json\/wp\/v2\/categories?post=452703"},{"taxonomy":"post_tag","embeddable":true,"href":"https:\/\/www.europesays.com\/fr\/wp-json\/wp\/v2\/tags?post=452703"}],"curies":[{"name":"wp","href":"https:\/\/api.w.org\/{rel}","templated":true}]}}