{"id":452705,"date":"2025-10-10T14:28:20","date_gmt":"2025-10-10T14:28:20","guid":{"rendered":"https:\/\/www.europesays.com\/fr\/452705\/"},"modified":"2025-10-10T14:28:20","modified_gmt":"2025-10-10T14:28:20","slug":"excellente-nouvelle-pour-la-serie-portee-par-michael-c-hall","status":"publish","type":"post","link":"https:\/\/www.europesays.com\/fr\/452705\/","title":{"rendered":"excellente nouvelle pour la s\u00e9rie port\u00e9e par Michael C.Hall"},"content":{"rendered":"<p>La franchise Dexter connait de nombreux bouleversements ces derniers temps. Peu de temps apr\u00e8s l\u2019annulation de Les Origines, port\u00e9e par Patrick Gibson, il se murmurait que la salles des auteurs de <a href=\"https:\/\/www.journaldugeek.com\/critique\/critique-dexter-resurrection-laissez-le-mourir-bordel\/\" target=\"_blank\" rel=\"false noopener nofollow\">Dexter\u00a0: Resurrection<\/a>, avec Michael C.Hall cette fois-ci, avait \u00e9t\u00e9 rouverte. Selon les informations de Variety, Paramount+ avait acc\u00e9l\u00e9r\u00e9 le processus pour permettre un prompt retour du tueur en s\u00e9rie. Rien qu\u2019aux \u00c9tats-Unis, Dexter\u00a0: Resurrection\u00a0a attir\u00e9<strong> 4,4 millions de t\u00e9l\u00e9spectateurs au travers de toutes les plateformes sur sept jours<\/strong>. Une belle performance pour la s\u00e9rie et la consolidation de l\u2019importance de la franchise pour Showtime.<\/p>\n<p>C\u2019est maintenant officiel, le voyage ne va pas s\u2019arr\u00eater l\u00e0. Sur YouTube, l\u2019interpr\u00e8te de Dexter Morgan vient de partager une vid\u00e9o pour remercier les fans pour l\u2019attention qu\u2019ils ont port\u00e9s \u00e0 ces nouveaux \u00e9pisodes. Il ajoute que Showtime et Paramount+ ont donn\u00e9 leur feu vert et que les sc\u00e9naristes se r\u00e9unissent en ce moment m\u00eame pour lancer le processus d\u2019\u00e9criture.<\/p>\n<blockquote>\n<p>\u201cIl y a encore du nouveau \u00e0 venir. La salle des sc\u00e9naristes est en train de se r\u00e9unir, et les d\u00e9tails seront bient\u00f4t disponibles \u2026 l\u2019histoire continue.\u201d\u00a0<\/p>\n<\/blockquote>\n<p>Si tout se passe comme pr\u00e9vu, on peut esp\u00e9rer que la s\u00e9rie soit diffus\u00e9e \u00e0 la fin d\u2019ann\u00e9e 2026 ou au d\u00e9but de l\u2019ann\u00e9e 2027. L\u2019id\u00e9e serait, selon les informations relay\u00e9es par Variety il y a quelques semaines, d\u2019entamer le tournage d\u00e8s l\u2019\u00e9t\u00e9 prochain. Les auteurs ont donc quelques mois pour \u00e9crire une suite digne de ce nom. Mais le final a laiss\u00e9 quelques pistes ouvertes qui pourraient valoir le coup d\u2019oeil.<\/p>\n<p>    <a href=\"https:\/\/www.youtube.com\/user\/JournalduGeek?sub_confirmation=1\" target=\"_blank\" rel=\"nofollow noopener\"><br \/>\n        S&rsquo;abonner \u00e0 Journal du Geek<br \/>\n    <\/a> Encore plus fort\u00a0? <\/p>\n<p>Le final de <a href=\"https:\/\/www.journaldugeek.com\/dossier\/dexter-on-a-classe-les-serial-killers-de-la-serie-du-plus-oubliable-au-plus-emblematique\/\" rel=\"nofollow noopener\" target=\"_blank\">Dexter\u00a0: R\u00e9surrection<\/a> a \u00e9t\u00e9 riche en rebondissements. Apr\u00e8s avoir \u00e9t\u00e9 enferm\u00e9 dans un coffre lors du gala mondain organis\u00e9 par Leon Prater, Dexter a \u00e9t\u00e9 sauv\u00e9 par son fils Harrison. Mais cette mission sauvetage a fait une victime, Batista a \u00e9t\u00e9 tu\u00e9 par Prater. Dexter a veng\u00e9 son acolyte et pris la fuite \u00e0 bord d\u2019un yacht baptis\u00e9 \u201cGetaway\u201d. Dans ses mains, les spectateurs d\u00e9couvrent ensuite qu\u2019il a mis la main sur un dossier montrant d\u2019autres tueurs c\u00e9l\u00e8bres, comme le \u201cNew York Ripper\u201d.\u00a0Il pourrait ainsi partir \u00e0 la recherche de tous ces meurtriers qui n\u2019ont jamais \u00e9t\u00e9 condamn\u00e9s.<\/p>\n<p>Dans le m\u00eame temps, la saison 2 devrait approfondir la dynamique p\u00e8re\/fils entre Harrison et Dexter. Le jeune homme, marqu\u00e9 par les m\u00eames d\u00e9mons que son p\u00e8re, semble vouloir tout mettre en oeuvre pour s\u2019extirper de ce mod\u00e8le et rester sur le droit chemin. Mais ce n\u2019est pas si facile pour lui, qui est sans cesse confront\u00e9 \u00e0 l\u2019injustice. Son parcours en miroir avec celui de Dexter en fait le parfait contrepoids et on imagine mal Clyde Philipps se passer d\u2019une telle opportunit\u00e9 de question les notions d\u2019h\u00e9ritage.<\/p>\n<blockquote>\n<p class=\"text-base text-neutral-700 dark:text-neutral-300\">\ud83d\udfe3 Pour ne manquer aucune news sur le Journal du Geek, abonnez-vous sur <a href=\"https:\/\/news.google.com\/publications\/CAAqBwgKMNr_hAswwYyCAw?hl=fr&amp;gl=FR&amp;ceid=FR%3Afr\" target=\"_blank\" rel=\"nofollow noopener\">Google Actualit\u00e9s<\/a> et sur <a href=\"https:\/\/whatsapp.com\/channel\/0029VaClM5y4tRry12tb7D2h\" target=\"_blank\" rel=\"nofollow noopener\">notre WhatsApp<\/a>. Et si vous nous adorez, on a <a href=\"https:\/\/www.journaldugeek.com\/newsletter\/\" target=\"_blank\" rel=\"nofollow noopener\">une newsletter tous les matins<\/a>.<\/p>\n<\/blockquote>\n","protected":false},"excerpt":{"rendered":"La franchise Dexter connait de nombreux bouleversements ces derniers temps. Peu de temps apr\u00e8s l\u2019annulation de Les Origines,&hellip;\n","protected":false},"author":2,"featured_media":452706,"comment_status":"","ping_status":"","sticky":false,"template":"","format":"standard","meta":{"footnotes":""},"categories":[1356],"tags":[57835,46824,58,59,1011,27,252,1364],"class_list":{"0":"post-452705","1":"post","2":"type-post","3":"status-publish","4":"format-standard","5":"has-post-thumbnail","7":"category-television","8":"tag-catalogue-paramount","9":"tag-dexter","10":"tag-divertissement","11":"tag-entertainment","12":"tag-fr","13":"tag-france","14":"tag-television","15":"tag-tv"},"share_on_mastodon":{"url":"https:\/\/pubeurope.com\/@fr\/115350346586597391","error":""},"_links":{"self":[{"href":"https:\/\/www.europesays.com\/fr\/wp-json\/wp\/v2\/posts\/452705","targetHints":{"allow":["GET"]}}],"collection":[{"href":"https:\/\/www.europesays.com\/fr\/wp-json\/wp\/v2\/posts"}],"about":[{"href":"https:\/\/www.europesays.com\/fr\/wp-json\/wp\/v2\/types\/post"}],"author":[{"embeddable":true,"href":"https:\/\/www.europesays.com\/fr\/wp-json\/wp\/v2\/users\/2"}],"replies":[{"embeddable":true,"href":"https:\/\/www.europesays.com\/fr\/wp-json\/wp\/v2\/comments?post=452705"}],"version-history":[{"count":0,"href":"https:\/\/www.europesays.com\/fr\/wp-json\/wp\/v2\/posts\/452705\/revisions"}],"wp:featuredmedia":[{"embeddable":true,"href":"https:\/\/www.europesays.com\/fr\/wp-json\/wp\/v2\/media\/452706"}],"wp:attachment":[{"href":"https:\/\/www.europesays.com\/fr\/wp-json\/wp\/v2\/media?parent=452705"}],"wp:term":[{"taxonomy":"category","embeddable":true,"href":"https:\/\/www.europesays.com\/fr\/wp-json\/wp\/v2\/categories?post=452705"},{"taxonomy":"post_tag","embeddable":true,"href":"https:\/\/www.europesays.com\/fr\/wp-json\/wp\/v2\/tags?post=452705"}],"curies":[{"name":"wp","href":"https:\/\/api.w.org\/{rel}","templated":true}]}}