{"id":452722,"date":"2025-10-10T14:37:11","date_gmt":"2025-10-10T14:37:11","guid":{"rendered":"https:\/\/www.europesays.com\/fr\/452722\/"},"modified":"2025-10-10T14:37:11","modified_gmt":"2025-10-10T14:37:11","slug":"une-avocate-saccage-la-tombe-du-soldat-inconnu-et-mord-un-policier","status":"publish","type":"post","link":"https:\/\/www.europesays.com\/fr\/452722\/","title":{"rendered":"une avocate saccage la tombe du soldat inconnu et mord un policier"},"content":{"rendered":"<p>            Par<br \/>\n        <strong><br \/>\n            <a href=\"https:\/\/actu.fr\/auteur\/redaction-paris\" title=\"Consulter tous les articles de R\u00e9daction Paris\" target=\"_blank\" rel=\"noopener\">R\u00e9daction Paris<\/a><br \/>\n        <\/strong><\/p>\n<p>        Publi\u00e9 le<\/p>\n<p>            10 oct. 2025 \u00e0 14h19<br \/>\n        ; mis \u00e0 jour le 10 oct. 2025 \u00e0 14h20    <\/p>\n<p>Des actes de folie\u2009? Jeudi 9\u00a0octobre 2025, une femme <strong>a d\u00e9grad\u00e9 la tombe du Soldat inconnu<\/strong> sous <a href=\"https:\/\/actu.fr\/ile-de-france\/paris_75056\/cinq-anecdotes-a-connaitre-sur-l-arc-de-triomphe-monument-majeur-de-paris_52774583.html\" target=\"_blank\" rel=\"noopener\">l\u2019Arc de Triomphe<\/a> \u00e0 <a href=\"https:\/\/actu.fr\/paris\/\" target=\"_blank\" rel=\"noopener\">Paris<\/a>. La quinquag\u00e9naire, avocate, aurait aussi mordu un policier lors de son interpellation. Elle a \u00e9t\u00e9 intern\u00e9e en psychiatrie, nous indique le parquet, confirmant une information de <a href=\"https:\/\/www.parismatch.com\/actu\/faits-divers\/info-match-paris-une-avocate-interpellee-apres-avoir-profane-la-tombe-du-soldat-inconnu-258394\" target=\"_blank\" rel=\"noopener\">Paris Match<\/a>.<\/p>\n<p>Les gerbes de fleurs saccag\u00e9es<\/p>\n<p class=\" wall-content\">Les faits se sont produits vers 15h45. La suspecte a franchi les barri\u00e8res du <a href=\"https:\/\/actu.fr\/ile-de-france\/paris_75056\/11-novembre-a-paris-pourquoi-la-flamme-du-soldat-inconnu-ne-s-eteint-jamais_60319736.html\" target=\"_blank\" rel=\"noopener\">monument<\/a> puis s\u2019est mise \u00e0 saccager les gerbes de fleurs pr\u00e9sentes. Poursuivie par la police, elle a ensuite pris la fuite jusqu\u2019\u00e0 sa voiture. Immobilis\u00e9e, elle a mordu l\u2019un des agents lors de son interpellation.<\/p>\n<p class=\" wall-content\">\u00c2g\u00e9e de 51\u00a0ans, la quinquag\u00e9naire serait avocate inscrite au barreau de <a href=\"https:\/\/actu.fr\/la-republique-de-seine-et-marne\/\" target=\"_blank\" rel=\"noopener\">Seine-et-Marne<\/a>, indiquent nos confr\u00e8res de Paris Match. Elle a \u00e9t\u00e9 transport\u00e9e \u00e0 l\u2019Institut psychiatrique de la <a href=\"https:\/\/actu.fr\/tag\/prefecture-de-police-de-paris\" target=\"_blank\" rel=\"noopener\">Pr\u00e9fecture de Police de Paris<\/a> (I3P).<\/p>\n<p class=\" wall-content\">Personnalisez votre actualit\u00e9 en ajoutant vos villes et m\u00e9dias en favori avec <a href=\"https:\/\/moncompte.actu.fr\" title=\"D\u00e9couvez Mon Actu\" rel=\"nofollow noopener\" data-trk=\"{&quot;cta&quot;:{&quot;action&quot;:&quot;https:\\\/\\\/moncompte.actu.fr&quot;,&quot;category&quot;:&quot;mon compte&quot;,&quot;from&quot;:&quot;article footer&quot;,&quot;name&quot;:&quot;Mon actu&quot;,&quot;type&quot;:&quot;cta&quot;}}\" target=\"_blank\">Mon Actu<\/a>.<\/p>\n","protected":false},"excerpt":{"rendered":"Par R\u00e9daction Paris Publi\u00e9 le 10 oct. 2025 \u00e0 14h19 ; mis \u00e0 jour le 10 oct. 2025&hellip;\n","protected":false},"author":2,"featured_media":452723,"comment_status":"","ping_status":"","sticky":false,"template":"","format":"standard","meta":{"footnotes":""},"categories":[4],"tags":[11,118,1011,27,12,1072,25],"class_list":{"0":"post-452722","1":"post","2":"type-post","3":"status-publish","4":"format-standard","5":"has-post-thumbnail","7":"category-france","8":"tag-actualites","9":"tag-faits-divers","10":"tag-fr","11":"tag-france","12":"tag-news","13":"tag-police","14":"tag-republique-francaise"},"share_on_mastodon":{"url":"https:\/\/pubeurope.com\/@fr\/115350381784461549","error":""},"_links":{"self":[{"href":"https:\/\/www.europesays.com\/fr\/wp-json\/wp\/v2\/posts\/452722","targetHints":{"allow":["GET"]}}],"collection":[{"href":"https:\/\/www.europesays.com\/fr\/wp-json\/wp\/v2\/posts"}],"about":[{"href":"https:\/\/www.europesays.com\/fr\/wp-json\/wp\/v2\/types\/post"}],"author":[{"embeddable":true,"href":"https:\/\/www.europesays.com\/fr\/wp-json\/wp\/v2\/users\/2"}],"replies":[{"embeddable":true,"href":"https:\/\/www.europesays.com\/fr\/wp-json\/wp\/v2\/comments?post=452722"}],"version-history":[{"count":0,"href":"https:\/\/www.europesays.com\/fr\/wp-json\/wp\/v2\/posts\/452722\/revisions"}],"wp:featuredmedia":[{"embeddable":true,"href":"https:\/\/www.europesays.com\/fr\/wp-json\/wp\/v2\/media\/452723"}],"wp:attachment":[{"href":"https:\/\/www.europesays.com\/fr\/wp-json\/wp\/v2\/media?parent=452722"}],"wp:term":[{"taxonomy":"category","embeddable":true,"href":"https:\/\/www.europesays.com\/fr\/wp-json\/wp\/v2\/categories?post=452722"},{"taxonomy":"post_tag","embeddable":true,"href":"https:\/\/www.europesays.com\/fr\/wp-json\/wp\/v2\/tags?post=452722"}],"curies":[{"name":"wp","href":"https:\/\/api.w.org\/{rel}","templated":true}]}}