{"id":452728,"date":"2025-10-10T14:40:21","date_gmt":"2025-10-10T14:40:21","guid":{"rendered":"https:\/\/www.europesays.com\/fr\/452728\/"},"modified":"2025-10-10T14:40:21","modified_gmt":"2025-10-10T14:40:21","slug":"saint-etienne-fuite-de-gaz-pres-de-la-prefecture-douze-personnes-au-chomage-technique","status":"publish","type":"post","link":"https:\/\/www.europesays.com\/fr\/452728\/","title":{"rendered":"Saint-\u00c9tienne. Fuite de gaz pr\u00e8s de la pr\u00e9fecture, douze personnes au ch\u00f4mage technique"},"content":{"rendered":"<p>Vendredi 10 octobre vers 11\u00a0h\u00a030, les pompiers ont \u00e9t\u00e9 appel\u00e9s pour une fuite de gaz rue Charles-de-Gaulle, \u00e0 deux pas de la pr\u00e9fecture. La fuite provenait d\u2019un appartement au deuxi\u00e8me \u00e9tage d\u2019un immeuble, dont l\u2019ensemble des occupants ont \u00e9t\u00e9 \u00e9vacu\u00e9s.<\/p>\n<p>Un large p\u00e9rim\u00e8tre de s\u00e9curit\u00e9 a \u00e9t\u00e9 mis en place et la circulation a \u00e9t\u00e9 interrompue, celle des tramways notamment, ce qui a occasionn\u00e9 une belle pagaille dans les transports en commun.<\/p>\n<p>  Un \u00e9tablissement de restauration rapide impact\u00e9<\/p>\n<p>Dans un message transmis aux m\u00e9dias, les pompiers font savoir que \u00ab\u00a0la coupure au pied de l\u2019immeuble, pour une dur\u00e9e ind\u00e9termin\u00e9e, impacte l\u2019activit\u00e9 \u00e9conomique d\u2019un \u00e9tablissement de restauration rapide et la mise au ch\u00f4mage technique de douze personnes\u00a0\u00bb.<\/p>\n<p>Onze sapeurs-pompiers ont \u00e9t\u00e9 mobilis\u00e9s sur l\u2019intervention, qui a pris fin vers 14 heures.<\/p>\n","protected":false},"excerpt":{"rendered":"Vendredi 10 octobre vers 11\u00a0h\u00a030, les pompiers ont \u00e9t\u00e9 appel\u00e9s pour une fuite de gaz rue Charles-de-Gaulle, \u00e0&hellip;\n","protected":false},"author":2,"featured_media":452729,"comment_status":"","ping_status":"","sticky":false,"template":"","format":"standard","meta":{"footnotes":""},"categories":[9653],"tags":[119,1111,11,2430,7539,1777,674,274,1011,27,3367,12,25,4001,7538],"class_list":{"0":"post-452728","1":"post","2":"type-post","3":"status-publish","4":"format-standard","5":"has-post-thumbnail","7":"category-saint-etienne","8":"tag-accident","9":"tag-actu","10":"tag-actualites","11":"tag-auvergne-rhone-alpes","12":"tag-edition-loire-sud","13":"tag-eu","14":"tag-europe","15":"tag-faits-divers-justice","16":"tag-fr","17":"tag-france","18":"tag-loire","19":"tag-news","20":"tag-republique-francaise","21":"tag-saint-etienne","22":"tag-saint-etienne-ville"},"share_on_mastodon":{"url":"https:\/\/pubeurope.com\/@fr\/115350393605256309","error":""},"_links":{"self":[{"href":"https:\/\/www.europesays.com\/fr\/wp-json\/wp\/v2\/posts\/452728","targetHints":{"allow":["GET"]}}],"collection":[{"href":"https:\/\/www.europesays.com\/fr\/wp-json\/wp\/v2\/posts"}],"about":[{"href":"https:\/\/www.europesays.com\/fr\/wp-json\/wp\/v2\/types\/post"}],"author":[{"embeddable":true,"href":"https:\/\/www.europesays.com\/fr\/wp-json\/wp\/v2\/users\/2"}],"replies":[{"embeddable":true,"href":"https:\/\/www.europesays.com\/fr\/wp-json\/wp\/v2\/comments?post=452728"}],"version-history":[{"count":0,"href":"https:\/\/www.europesays.com\/fr\/wp-json\/wp\/v2\/posts\/452728\/revisions"}],"wp:featuredmedia":[{"embeddable":true,"href":"https:\/\/www.europesays.com\/fr\/wp-json\/wp\/v2\/media\/452729"}],"wp:attachment":[{"href":"https:\/\/www.europesays.com\/fr\/wp-json\/wp\/v2\/media?parent=452728"}],"wp:term":[{"taxonomy":"category","embeddable":true,"href":"https:\/\/www.europesays.com\/fr\/wp-json\/wp\/v2\/categories?post=452728"},{"taxonomy":"post_tag","embeddable":true,"href":"https:\/\/www.europesays.com\/fr\/wp-json\/wp\/v2\/tags?post=452728"}],"curies":[{"name":"wp","href":"https:\/\/api.w.org\/{rel}","templated":true}]}}