{"id":452730,"date":"2025-10-10T14:41:11","date_gmt":"2025-10-10T14:41:11","guid":{"rendered":"https:\/\/www.europesays.com\/fr\/452730\/"},"modified":"2025-10-10T14:41:11","modified_gmt":"2025-10-10T14:41:11","slug":"grand-nancy-la-precarite-des-jeunes-au-coeur-du-mecenat-social","status":"publish","type":"post","link":"https:\/\/www.europesays.com\/fr\/452730\/","title":{"rendered":"Grand Nancy. La pr\u00e9carit\u00e9 des jeunes au c\u0153ur du m\u00e9c\u00e9nat social"},"content":{"rendered":"<p>C\u2019est rassurant de voir le monde \u00e9conomique se mobiliser en cette p\u00e9riode d\u2019instabilit\u00e9 politique. Le m\u00e9c\u00e9nat social, c\u2019est l\u2019histoire du progr\u00e8s social de notre territoire que nous construisons ensemble.\u00a0\u00bb<\/p>\n<p>Plus de 182\u00a0000\u00a0\u20ac de dons<\/p>\n<p>Ce vendredi 10\u00a0octobre, dans les locaux de l\u2019entreprise Saint-Hubert, \u00e0 Ludres, \u00c9velyne Beaudeux, vice-pr\u00e9sidente&#8230;<\/p>\n","protected":false},"excerpt":{"rendered":"C\u2019est rassurant de voir le monde \u00e9conomique se mobiliser en cette p\u00e9riode d\u2019instabilit\u00e9 politique. Le m\u00e9c\u00e9nat social, c\u2019est&hellip;\n","protected":false},"author":2,"featured_media":452731,"comment_status":"","ping_status":"","sticky":false,"template":"","format":"standard","meta":{"footnotes":""},"categories":[9635],"tags":[1111,11,33,1704,1777,674,1011,27,775,693,11413,9649,1702,12,25],"class_list":{"0":"post-452730","1":"post","2":"type-post","3":"status-publish","4":"format-standard","5":"has-post-thumbnail","7":"category-nancy","8":"tag-actu","9":"tag-actualites","10":"tag-economie","11":"tag-edition-nancy-et-agglomeration","12":"tag-eu","13":"tag-europe","14":"tag-fr","15":"tag-france","16":"tag-grand-est","17":"tag-industrie","18":"tag-ludres","19":"tag-metropole-du-grand-nancy-54b2","20":"tag-nancy","21":"tag-news","22":"tag-republique-francaise"},"share_on_mastodon":{"url":"https:\/\/pubeurope.com\/@fr\/115350397571151753","error":""},"_links":{"self":[{"href":"https:\/\/www.europesays.com\/fr\/wp-json\/wp\/v2\/posts\/452730","targetHints":{"allow":["GET"]}}],"collection":[{"href":"https:\/\/www.europesays.com\/fr\/wp-json\/wp\/v2\/posts"}],"about":[{"href":"https:\/\/www.europesays.com\/fr\/wp-json\/wp\/v2\/types\/post"}],"author":[{"embeddable":true,"href":"https:\/\/www.europesays.com\/fr\/wp-json\/wp\/v2\/users\/2"}],"replies":[{"embeddable":true,"href":"https:\/\/www.europesays.com\/fr\/wp-json\/wp\/v2\/comments?post=452730"}],"version-history":[{"count":0,"href":"https:\/\/www.europesays.com\/fr\/wp-json\/wp\/v2\/posts\/452730\/revisions"}],"wp:featuredmedia":[{"embeddable":true,"href":"https:\/\/www.europesays.com\/fr\/wp-json\/wp\/v2\/media\/452731"}],"wp:attachment":[{"href":"https:\/\/www.europesays.com\/fr\/wp-json\/wp\/v2\/media?parent=452730"}],"wp:term":[{"taxonomy":"category","embeddable":true,"href":"https:\/\/www.europesays.com\/fr\/wp-json\/wp\/v2\/categories?post=452730"},{"taxonomy":"post_tag","embeddable":true,"href":"https:\/\/www.europesays.com\/fr\/wp-json\/wp\/v2\/tags?post=452730"}],"curies":[{"name":"wp","href":"https:\/\/api.w.org\/{rel}","templated":true}]}}