{"id":452748,"date":"2025-10-10T14:51:13","date_gmt":"2025-10-10T14:51:13","guid":{"rendered":"https:\/\/www.europesays.com\/fr\/452748\/"},"modified":"2025-10-10T14:51:13","modified_gmt":"2025-10-10T14:51:13","slug":"centre-lgbti-de-rennes-40-000-euros-en-moins-et-des-emplois-menaces","status":"publish","type":"post","link":"https:\/\/www.europesays.com\/fr\/452748\/","title":{"rendered":"Centre LGBTI+ de Rennes : 40 000 euros en moins et des emplois menac\u00e9s"},"content":{"rendered":"<p><img decoding=\"async\" class=\"\" style=\"width:100%\" src=\"https:\/\/www.europesays.com\/fr\/wp-content\/uploads\/2025\/10\/gay_drapeau_pixabay1760083904663.jpg\" alt=\"Iskis organise notamment la marche des fiert\u00e9s \u00e0 Rennes\"\/><\/p>\n<p>Iskis organise notamment la marche des fiert\u00e9s \u00e0 Rennes<\/p>\n<p>Cr\u00e9dit : Pixabay<\/p>\n<p><strong>Une baisse de dotation de 40 000 euros pour le centre LGBTI+ de Rennes. <\/strong>Alors que l\u2019association avait touch\u00e9 50 000 euros l\u2019an dernier de la part de l\u2019Etat, cette ann\u00e9e l\u2019enveloppe est bien plus l\u00e9g\u00e8re : 10 000 euros. Cela s\u2019inscrit dans un programme national de lutte contre la haine LGBT sur 3 ans, de 2023 \u00e0 2026. Cette diminution met en p\u00e9ril les deux salari\u00e9s qui travaillent au sein d&rsquo;<a href=\"https:\/\/iskis.org\/\" rel=\"noopener\" target=\"_blank\">Iskis<\/a>, qui g\u00e8re le centre et a m\u00eame des cons\u00e9quences sur les missions de l\u2019association. \u00ab\u00a0Cette somme \u00e9tait fl\u00each\u00e9e pour le paiement des salaires\u00a0\u00bb, pr\u00e9cise Emma Guiguen, la pr\u00e9sidente d&rsquo;Iskis.<\/p>\n<p>\u00a0<\/p>\n<blockquote><p>\nDes d\u00e9lais de r\u00e9ponse plus longs\n<\/p><\/blockquote>\n<p>\u00a0<\/p>\n<p>\u00a0\u00bb On a beaucoup de sollicitations, on re\u00e7oit environ une dizaine voire une quinzaine de mails par jour. Ce sont des gens qui cherchent de l&rsquo;aide, qui nous proposent des projets. Ce sont des partenaires institutionnels qui aimeraient profiter de nos actions, par exemple, pour avoir une sensibilisation sur la LGBTIphobie ou sur l&rsquo;accueil des personnes transgenres.<strong> Avec des salari\u00e9s en moins, ces personnes vont attendre plus longtemps avant d&rsquo;avoir une r\u00e9ponse \u00e0 leurs questions ou pour avoir de l&rsquo;aide alors qu&rsquo;elles sont peut-\u00eatre dans des situations d&rsquo;urgence. <\/strong><\/p>\n<p>L&rsquo;accueil du public va souffrir parce que la personne qui est en coordination de l&rsquo;accueil peut r\u00e9pondre au t\u00e9l\u00e9phone pour les gens, par exemple, qui ne peuvent pas \u00e9crire des mails. L\u00e0, il n&rsquo;y aura pas de permanence t\u00e9l\u00e9phonique en journ\u00e9e, par exemple,\u00a0\u00bb\u00a0d\u00e9taille Emma Guiguen.\u00a0<\/p>\n<p>L&rsquo;association a d\u00e9pos\u00e9 un recours gracieux aupr\u00e8s de la pr\u00e9fecture d&rsquo;Ille-et-Vilaine pour comprendre les raisons de cette baisse. D&rsquo;autant que d&rsquo;autres centres n&rsquo;ont pas \u00e9t\u00e9 impact\u00e9s par cette diminution : \u00ab\u00a0on est pour l&rsquo;instant les seuls dans la f\u00e9d\u00e9ration \u00e0 avoir constat\u00e9 une baisse aussi drastique. Le centre d&rsquo;Angers a re\u00e7u 50 000 euros, comme le centre de Nantes. Qu&rsquo;est-ce qui s&rsquo;est pass\u00e9 sur le territoire d&rsquo;Ille-et-Vilaine ?<\/p>\n<p>\u00a0<\/p>\n<blockquote><p>\nLe seul centre de France a conna\u00eetre une baisse aussi importante\n<\/p><\/blockquote>\n<p>\u00a0<\/p>\n<p>Lorsqu&rsquo;on a fait un recours gracieux aupr\u00e8s de la pr\u00e9fecture, on a demand\u00e9 des documents justifiants l&rsquo;utilisation de cette enveloppe. Qu&rsquo;en est-il de l&rsquo;enveloppe de la lutte contre les discriminations ? La pr\u00e9fecture ne nous a pas communiqu\u00e9 ces documents. <strong>On d\u00e9pose ce vendredi un recours devant le tribunal administratif&#8230; pas seulement pour r\u00e9cup\u00e9rer une subvention, mais aussi pour voir ces documents qui justifieraient de l&rsquo;utilisation de cette enveloppe<\/strong>. Pour nous, \u00e7a nous para\u00eet normal parce que c&rsquo;est la transparence de l&rsquo;utilisation de fonds publics\u00a0\u00bb, explique Emma Guiguen.<\/p>\n<p>Sollicit\u00e9e par nos soins, la pr\u00e9fecture d&rsquo;Ille-et-Vilaine ne nous a pas r\u00e9pondu avant la r\u00e9daction de cet article.<\/p>\n<p>Iskis a \u00e9galement contact\u00e9 le d\u00e9fenseur des droits sur cette question d&rsquo;\u00e9quit\u00e9 entre les territoires. L&rsquo;association recherche actuellement d&rsquo;autres fonds afin de pr\u00e9server ces deux emplois.\u00a0<\/p>\n","protected":false},"excerpt":{"rendered":"Iskis organise notamment la marche des fiert\u00e9s \u00e0 Rennes Cr\u00e9dit : Pixabay Une baisse de dotation de 40&hellip;\n","protected":false},"author":2,"featured_media":452749,"comment_status":"","ping_status":"","sticky":false,"template":"","format":"standard","meta":{"footnotes":""},"categories":[2821],"tags":[1111,11,57841,829,57837,57840,57838,1777,674,1011,27,848,16538,9087,12,57839,50043,584,25,15051],"class_list":{"0":"post-452748","1":"post","2":"type-post","3":"status-publish","4":"format-standard","5":"has-post-thumbnail","7":"category-rennes","8":"tag-actu","9":"tag-actualites","10":"tag-baisse-dotation-centre-lgbti","11":"tag-bretagne","12":"tag-centre-lgbti","13":"tag-defenseur-des-droits","14":"tag-emma-guiguen","15":"tag-eu","16":"tag-europe","17":"tag-fr","18":"tag-france","19":"tag-ille-et-vilaine","20":"tag-iskis","21":"tag-lgbt","22":"tag-news","23":"tag-plan-lutte-haine-lgbt","24":"tag-prefecture-ille-et-vilaine","25":"tag-rennes","26":"tag-republique-francaise","27":"tag-tribunal-administratif"},"share_on_mastodon":{"url":"https:\/\/pubeurope.com\/@fr\/115350437290109470","error":""},"_links":{"self":[{"href":"https:\/\/www.europesays.com\/fr\/wp-json\/wp\/v2\/posts\/452748","targetHints":{"allow":["GET"]}}],"collection":[{"href":"https:\/\/www.europesays.com\/fr\/wp-json\/wp\/v2\/posts"}],"about":[{"href":"https:\/\/www.europesays.com\/fr\/wp-json\/wp\/v2\/types\/post"}],"author":[{"embeddable":true,"href":"https:\/\/www.europesays.com\/fr\/wp-json\/wp\/v2\/users\/2"}],"replies":[{"embeddable":true,"href":"https:\/\/www.europesays.com\/fr\/wp-json\/wp\/v2\/comments?post=452748"}],"version-history":[{"count":0,"href":"https:\/\/www.europesays.com\/fr\/wp-json\/wp\/v2\/posts\/452748\/revisions"}],"wp:featuredmedia":[{"embeddable":true,"href":"https:\/\/www.europesays.com\/fr\/wp-json\/wp\/v2\/media\/452749"}],"wp:attachment":[{"href":"https:\/\/www.europesays.com\/fr\/wp-json\/wp\/v2\/media?parent=452748"}],"wp:term":[{"taxonomy":"category","embeddable":true,"href":"https:\/\/www.europesays.com\/fr\/wp-json\/wp\/v2\/categories?post=452748"},{"taxonomy":"post_tag","embeddable":true,"href":"https:\/\/www.europesays.com\/fr\/wp-json\/wp\/v2\/tags?post=452748"}],"curies":[{"name":"wp","href":"https:\/\/api.w.org\/{rel}","templated":true}]}}