{"id":45275,"date":"2025-04-23T00:33:09","date_gmt":"2025-04-23T00:33:09","guid":{"rendered":"https:\/\/www.europesays.com\/fr\/45275\/"},"modified":"2025-04-23T00:33:09","modified_gmt":"2025-04-23T00:33:09","slug":"le-premier-ministre-francois-bayrou-attendu-dans-le-cantal-pour-parler-sante-et-deserts-medicaux","status":"publish","type":"post","link":"https:\/\/www.europesays.com\/fr\/45275\/","title":{"rendered":"Le Premier ministre, Fran\u00e7ois Bayrou, attendu dans le Cantal pour parler sant\u00e9 et d\u00e9serts m\u00e9dicaux"},"content":{"rendered":"<p>            Par<br \/>\n        <strong><br \/>\n            <a href=\"https:\/\/actu.fr\/auteur\/nicolas-gastal\" title=\"Consulter tous les articles de Nicolas Gastal\" rel=\"nofollow noopener\" target=\"_blank\">Nicolas Gastal<\/a><br \/>\n        <\/strong><\/p>\n<p>        Publi\u00e9 le<\/p>\n<p>            23 avr. 2025 \u00e0 1h21        <\/p>\n<p>Le Premier ministre, <b>Fran\u00e7ois Bayrou,<\/b> est attendu dans le <b>Cantal<\/b> ce vendredi 25\u00a0avril 2025 a annonc\u00e9 dans un premier temps <a href=\"https:\/\/www.lequotidiendumedecin.fr\/sante-societe\/politique-de-sante\/deserts-medicaux-bayrou-doit-faire-des-propositions-lors-dun-deplacement-dans-le-cantal-avant-la\" rel=\"nofollow noopener\" target=\"_blank\">le Quotidien du m\u00e9decin<\/a>. Une information confirm\u00e9e dans la soir\u00e9e \u00e0 <a href=\"https:\/\/actu.fr\/cantal\/\" rel=\"nofollow noopener\" target=\"_blank\"><b>Actu Cantal.<\/b><\/a><\/p>\n<p>Sant\u00e9 et d\u00e9serts m\u00e9dicaux<\/p>\n<p class=\" wall-content\">Si le programme n\u2019est pas encore cal\u00e9 (il devrait l\u2019\u00eatre la veille), il est pr\u00e9vu que Fran\u00e7ois Bayrou parle sant\u00e9 et notamment d\u00e9serts m\u00e9dicaux.<\/p>\n<p class=\" wall-content\">Il est attendu des propositions de sa part dans un contexte o\u00f9 des syndicats de m\u00e9decins et d\u2019internes ont appel\u00e9 \u00e0 la <b>gr\u00e8ve<\/b> \u00e0 partir de ce 28\u00a0avril 2025.<\/p>\n<p>R\u00e9guler l\u2019installation des m\u00e9decins\u2009?<\/p>\n<p class=\" wall-content\">Cette derni\u00e8re faisant suite \u00e0 une proposition de loi d\u00e9pos\u00e9e par un d\u00e9put\u00e9 PS et qui pr\u00e9voit, notamment, de r\u00e9guler l\u2019installation des m\u00e9decins en les obligeant \u00e0 demander l\u2019accord de l\u2019Agence r\u00e9gionale de sant\u00e9 (ARS) avant de s\u2019installer. Il serait octroy\u00e9 dans une zone qui conna\u00eet des difficult\u00e9s. Dans les territoires mieux dot\u00e9s, le m\u00e9decin ne pourrait s\u2019installer que lorsqu\u2019un autre s\u2019en va.<\/p>\n<p class=\" wall-content\">L\u2019examen du texte doit se poursuivre durant le mois de mai\u00a02025.<\/p>\n<p>Vid\u00e9os : en ce moment sur Actu<\/p>\n<p class=\" wall-content\">La veille, le jeudi 24\u00a0avril, <b>Val\u00e9rie L\u00e9tard<\/b>, ministre en charge du logement <a href=\"https:\/\/actu.fr\/societe\/une-nouvelle-ministre-se-rend-dans-le-cantal-le-programme-de-la-visite_62543311.html\" rel=\"nofollow noopener\" target=\"_blank\">se rend \u00e9galement dans le Cantal.<\/a><\/p>\n<p class=\" wall-content\">Suivez toute l\u2019actualit\u00e9 de vos villes et m\u00e9dias favoris en vous inscrivant \u00e0 <a href=\"https:\/\/moncompte.actu.fr\" title=\"D\u00e9couvez Mon Actu\" rel=\"nofollow noopener\" data-trk=\"{&quot;cta&quot;:{&quot;action&quot;:&quot;https:\\\/\\\/moncompte.actu.fr&quot;,&quot;category&quot;:&quot;mon compte&quot;,&quot;from&quot;:&quot;article footer&quot;,&quot;name&quot;:&quot;Mon actu&quot;,&quot;type&quot;:&quot;cta&quot;}}\" target=\"_blank\">Mon Actu<\/a>.<\/p>\n","protected":false},"excerpt":{"rendered":"Par Nicolas Gastal Publi\u00e9 le 23 avr. 2025 \u00e0 1h21 Le Premier ministre, Fran\u00e7ois Bayrou, est attendu dans&hellip;\n","protected":false},"author":2,"featured_media":45276,"comment_status":"","ping_status":"","sticky":false,"template":"","format":"standard","meta":{"footnotes":""},"categories":[1888],"tags":[1111,1928,11,1927,1777,674,1011,27,431,12,1926,626,1925,25,104],"class_list":{"0":"post-45275","1":"post","2":"type-post","3":"status-publish","4":"format-standard","5":"has-post-thumbnail","7":"category-paris","8":"tag-actu","9":"tag-actu-paris","10":"tag-actualites","11":"tag-actualites-paris","12":"tag-eu","13":"tag-europe","14":"tag-fr","15":"tag-france","16":"tag-francois-bayrou","17":"tag-news","18":"tag-news-paris","19":"tag-paris","20":"tag-paris-news","21":"tag-republique-francaise","22":"tag-societe"},"share_on_mastodon":{"url":"https:\/\/pubeurope.com\/@fr\/114384470322470123","error":""},"_links":{"self":[{"href":"https:\/\/www.europesays.com\/fr\/wp-json\/wp\/v2\/posts\/45275","targetHints":{"allow":["GET"]}}],"collection":[{"href":"https:\/\/www.europesays.com\/fr\/wp-json\/wp\/v2\/posts"}],"about":[{"href":"https:\/\/www.europesays.com\/fr\/wp-json\/wp\/v2\/types\/post"}],"author":[{"embeddable":true,"href":"https:\/\/www.europesays.com\/fr\/wp-json\/wp\/v2\/users\/2"}],"replies":[{"embeddable":true,"href":"https:\/\/www.europesays.com\/fr\/wp-json\/wp\/v2\/comments?post=45275"}],"version-history":[{"count":0,"href":"https:\/\/www.europesays.com\/fr\/wp-json\/wp\/v2\/posts\/45275\/revisions"}],"wp:featuredmedia":[{"embeddable":true,"href":"https:\/\/www.europesays.com\/fr\/wp-json\/wp\/v2\/media\/45276"}],"wp:attachment":[{"href":"https:\/\/www.europesays.com\/fr\/wp-json\/wp\/v2\/media?parent=45275"}],"wp:term":[{"taxonomy":"category","embeddable":true,"href":"https:\/\/www.europesays.com\/fr\/wp-json\/wp\/v2\/categories?post=45275"},{"taxonomy":"post_tag","embeddable":true,"href":"https:\/\/www.europesays.com\/fr\/wp-json\/wp\/v2\/tags?post=45275"}],"curies":[{"name":"wp","href":"https:\/\/api.w.org\/{rel}","templated":true}]}}