{"id":452750,"date":"2025-10-10T14:52:17","date_gmt":"2025-10-10T14:52:17","guid":{"rendered":"https:\/\/www.europesays.com\/fr\/452750\/"},"modified":"2025-10-10T14:52:17","modified_gmt":"2025-10-10T14:52:17","slug":"a-rennes-une-manifestation-non-declaree-stoppee-par-la-police","status":"publish","type":"post","link":"https:\/\/www.europesays.com\/fr\/452750\/","title":{"rendered":"\u00c0 Rennes, une manifestation non d\u00e9clar\u00e9e stopp\u00e9e par la police"},"content":{"rendered":"<p>Alors que l\u2019Union Pirate <a href=\"https:\/\/www.letelegramme.fr\/ille-et-vilaine\/rennes-35000\/blocage-a-rennes-2-le-campus-villejean-ferme-vendredi-10-octobre-pour-eviter-les-debordements-6906199.php\" target=\"_blank\" rel=\"nofollow noopener\">avait appel\u00e9 \u00e0 une manifestation ce vendredi 10 octobre<\/a>, place de la R\u00e9publique \u00e0 Rennes, seulement une soixantaine de personnes ont particip\u00e9 \u00e0 ce rassemblement non d\u00e9clar\u00e9. \u00ab On n\u2019est pas beaucoup aujourd\u2019hui \u00bb, s\u2019interroge une des manifestantes. \u00ab C\u2019est normal, ils sont tous partis en week-end, on est vendredi \u00bb, lui r\u00e9pond-on \u00e0 c\u00f4t\u00e9.<\/p>\n<p>Contr\u00f4le d\u2019identit\u00e9 et manifestants dispers\u00e9s<\/p>\n<p>Parti au son des \u00ab siamo tutti antifascisti \u00bb, un petit groupe d\u2019une cinquantaine de personnes, aux revendications anticapitalistes, a \u00e9t\u00e9 bloqu\u00e9 par la police, rue Poullain Duparc, vers 15 heures. Les forces de l\u2019ordre ont demand\u00e9 au groupe de se disperser au risque \u00ab de faire usage de la force \u00bb. <br \/>Les policiers ont ensuite proc\u00e9d\u00e9 \u00e0 des contr\u00f4les d\u2019identit\u00e9. Le mouvement, disloqu\u00e9, s\u2019est poursuivi place Sainte-Anne. Il n\u2019y a pas eu de d\u00e9bordement et personne n\u2019a \u00e9t\u00e9 interpell\u00e9.<\/p>\n","protected":false},"excerpt":{"rendered":"Alors que l\u2019Union Pirate avait appel\u00e9 \u00e0 une manifestation ce vendredi 10 octobre, place de la R\u00e9publique \u00e0&hellip;\n","protected":false},"author":2,"featured_media":452751,"comment_status":"","ping_status":"","sticky":false,"template":"","format":"standard","meta":{"footnotes":""},"categories":[2821],"tags":[1111,11,829,1777,674,1011,27,848,12,584,25],"class_list":{"0":"post-452750","1":"post","2":"type-post","3":"status-publish","4":"format-standard","5":"has-post-thumbnail","7":"category-rennes","8":"tag-actu","9":"tag-actualites","10":"tag-bretagne","11":"tag-eu","12":"tag-europe","13":"tag-fr","14":"tag-france","15":"tag-ille-et-vilaine","16":"tag-news","17":"tag-rennes","18":"tag-republique-francaise"},"share_on_mastodon":{"url":"https:\/\/pubeurope.com\/@fr\/115350440896468305","error":""},"_links":{"self":[{"href":"https:\/\/www.europesays.com\/fr\/wp-json\/wp\/v2\/posts\/452750","targetHints":{"allow":["GET"]}}],"collection":[{"href":"https:\/\/www.europesays.com\/fr\/wp-json\/wp\/v2\/posts"}],"about":[{"href":"https:\/\/www.europesays.com\/fr\/wp-json\/wp\/v2\/types\/post"}],"author":[{"embeddable":true,"href":"https:\/\/www.europesays.com\/fr\/wp-json\/wp\/v2\/users\/2"}],"replies":[{"embeddable":true,"href":"https:\/\/www.europesays.com\/fr\/wp-json\/wp\/v2\/comments?post=452750"}],"version-history":[{"count":0,"href":"https:\/\/www.europesays.com\/fr\/wp-json\/wp\/v2\/posts\/452750\/revisions"}],"wp:featuredmedia":[{"embeddable":true,"href":"https:\/\/www.europesays.com\/fr\/wp-json\/wp\/v2\/media\/452751"}],"wp:attachment":[{"href":"https:\/\/www.europesays.com\/fr\/wp-json\/wp\/v2\/media?parent=452750"}],"wp:term":[{"taxonomy":"category","embeddable":true,"href":"https:\/\/www.europesays.com\/fr\/wp-json\/wp\/v2\/categories?post=452750"},{"taxonomy":"post_tag","embeddable":true,"href":"https:\/\/www.europesays.com\/fr\/wp-json\/wp\/v2\/tags?post=452750"}],"curies":[{"name":"wp","href":"https:\/\/api.w.org\/{rel}","templated":true}]}}