{"id":452756,"date":"2025-10-10T14:55:21","date_gmt":"2025-10-10T14:55:21","guid":{"rendered":"https:\/\/www.europesays.com\/fr\/452756\/"},"modified":"2025-10-10T14:55:21","modified_gmt":"2025-10-10T14:55:21","slug":"le-plus-beau-chateau-de-nice-devoile-son-miel-made-in-cote-dazur-ces-abeilles-racontent-le-sud-autrement","status":"publish","type":"post","link":"https:\/\/www.europesays.com\/fr\/452756\/","title":{"rendered":"le plus beau ch\u00e2teau de Nice d\u00e9voile son miel \u00ab\u00a0made in C\u00f4te d&rsquo;Azur\u00a0\u00bb, ces abeilles racontent le Sud autrement"},"content":{"rendered":"<p><strong>Voici une nouvelle collection \u00ab\u00a0made in Nice\u00a0\u00bb pour des mets gourmands \u00e0\u00a0partager. Depuis le mois d\u2019ao\u00fbt, le fameux Ch\u00e2teau de Cr\u00e9mat collabore avec le programme de licence C\u00f4te d\u2019Azur France pour proposer son miel\u00a0local\u00a0!<\/strong><\/p>\n<p>Le Ch\u00e2teau de Cr\u00e9mat est un arr\u00eat presque incontournable sur les hauteurs de Nice. <a href=\"https:\/\/nicepresse.com\/au-chateau-de-cremat-on-cultive-la-vigne-et-lart-de-vivre-nicois-marie-gamard-pour-nice-presse\/\" data-wpel-link=\"internal\" target=\"_blank\" rel=\"noopener noreferrer nofollow\">Un site<\/a> notamment renomm\u00e9 pour ses \u00e9v\u00e9nements, ses expositions et \u00e9videmment, ses vins au c\u0153ur des vignes de Bellet. Il faut dire que son aspect \u00ab\u00a0forteresse color\u00e9e\u00a0\u00bb ne laisse pas insensible. Mais saviez-vous qu\u2019il \u00e9tait \u00e9galement un producteur\u2026 de\u00a0miel\u00a0?<\/p>\n<p><img loading=\"lazy\" decoding=\"async\" width=\"997\" height=\"630\" src=\"data:image\/svg+xml,%3Csvg%20xmlns=\" http:=\"\" alt=\"Capture decran 2025 10 10 a 15.33.44\" class=\"wp-image-253393\" title=\"&quot;Toute la diversit\u00e9 de notre r\u00e9gion !&quot;: le plus beau ch\u00e2teau de Nice d\u00e9voile son miel &quot;made in C\u00f4te d'Azur&quot;, ces abeilles racontent le Sud autrement 1\" data-lazy- data-lazy- data-lazy-src=\"https:\/\/www.europesays.com\/fr\/wp-content\/uploads\/2025\/10\/Capture-decran-2025-10-10-a-15.33.44-997x630.png\"\/>\u00a9 DR<\/p>\n<p>Le plus embl\u00e9matique n\u2019est autre que celui \u00e0\u00a0la lavande, mais on en retrouve aussi aux fleurs sauvages de montagne et un autre au go\u00fbt \u00ab\u00a0polyfloral\u00a0\u00bb. Ce dernier, que l\u2019exploitation d\u00e9crit comme \u00ab\u00a0polyvalent et d\u00e9licat\u00a0\u00bb, a\u00a0int\u00e9gr\u00e9 l\u2019\u00e9t\u00e9 pass\u00e9, au mois d\u2019ao\u00fbt, la collection de la marque C\u00f4te d\u2019Azur France, qui depuis 2018, a\u00a0lanc\u00e9 un programme regroupant plusieurs licences.<\/p>\n<p>Deux pots \u00e0\u00a09 ou 33\u00a0euros<\/p>\n<blockquote class=\"instagram-media\" data-instgrm-permalink=\"https:\/\/www.instagram.com\/p\/DNQG0HIsVU4\/?utm_source=ig_embed&amp;utm_campaign=loading\" data-instgrm-version=\"14\" style=\" background:#FFF; border:0; border-radius:3px; box-shadow:0 0 1px 0 rgba(0,0,0,0.5),0 1px 10px 0 rgba(0,0,0,0.15); margin: 1px; max-width:540px; min-width:326px; padding:0; width:99.375%; width:-webkit-calc(100% - 2px); width:calc(100% - 2px);\"\/>\n<p>\u00c0 quoi devez-vous vous attendre avec ce produit\u00a0? D\u00e9j\u00e0, il provient directement du rucher du ch\u00e2teau, \u00e9tant pr\u00e9lev\u00e9 sur place, et disposant d\u2019une saveur raffin\u00e9e aux nuances florales et l\u00e9g\u00e8rement fruit\u00e9es. En bouche, il doit exprimer \u00ab\u00a0toute la diversit\u00e9 botanique de la r\u00e9gion\u00a0\u00bb.<\/p>\n<p>On retrouve deux pots distincts, en 100 et 500 grammes. Ils sont vendus \u00e0\u00a09 et 33 euros, et sont disponibles \u00e0\u00a0la boutique de l\u2019institution ni\u00e7oise, situ\u00e9e au 442 chemin de Cr\u00e9mat, au milieu de ce complexe b\u00e2ti au d\u00e9but du XXe si\u00e8cle. Une collaboration qui se note particuli\u00e8rement sur l\u2019\u00e9tiquette, avec une illustration m\u00ealant le rouge du fort avec le bleu azur de la mer et le vert des c\u00e9pages s\u2019\u00e9talant \u00e0\u00a0perte de\u00a0vue.\u00a0<\/p>\n<p><img loading=\"lazy\" decoding=\"async\" width=\"946\" height=\"630\" src=\"data:image\/svg+xml,%3Csvg%20xmlns=\" http:=\"\" alt=\"241625564 172695261655643 3410267537280848223 n\" class=\"wp-image-77465\" title=\"&quot;Toute la diversit\u00e9 de notre r\u00e9gion !&quot;: le plus beau ch\u00e2teau de Nice d\u00e9voile son miel &quot;made in C\u00f4te d'Azur&quot;, ces abeilles racontent le Sud autrement 2\" data-lazy- data-lazy- data-lazy-src=\"https:\/\/www.europesays.com\/fr\/wp-content\/uploads\/2025\/10\/241625564_172695261655643_3410267537280848223_n-946x630.jpg\"\/>\u00a9 Ch\u00e2teau de Cr\u00e9mat<\/p>\n<p>Presque 200 r\u00e9f\u00e9rences dans la collection<\/p>\n<p>En plus de ce miel, C\u00f4te d\u2019Azur France r\u00e9unit une vingtaine d\u2019appellations partenaires depuis sept ans, soit presque 200 r\u00e9f\u00e9rences dans des domaines tr\u00e8s vari\u00e9s. Cela concerne la mode, la bijouterie, la parfumerie, la bagagerie, la d\u00e9coration, l\u2019artisanat d\u2019art ou encore l\u2019\u00e9picerie\u00a0fine.<\/p>\n<p>Nous pouvons d\u2019ailleurs donner quelques exemples de marchandises dans ce label\u00a0: la socca chips du chef Luc Salsedo, les <a href=\"https:\/\/nicepresse.com\/des-bougies-100-locales-pour-un-voyage-sensoriel-a-travers-la-cote-dazur\/\" data-wpel-link=\"internal\" target=\"_blank\" rel=\"noopener noreferrer nofollow\">bougies d\u2019Aqui d\u2019A\u00efa<\/a>, le vin rouge du <a href=\"https:\/\/nicepresse.com\/nice-une-nouvelle-bouteille-de-vin-de-bellet-debarque-sur-la-cote-dazur\/\" data-wpel-link=\"internal\" target=\"_blank\" rel=\"noopener noreferrer nofollow\">domaine de La Source<\/a> ou encore <a href=\"https:\/\/nicepresse.com\/la-plus-belle-limonade-du-marche-debarque-sur-la-cote-dazur-pensee-par-un-artiste-local-bien-connu\/\" data-wpel-link=\"internal\" target=\"_blank\" rel=\"noopener noreferrer nofollow\">la bi\u00e8re et la limonade<\/a> de la brasserie du Comt\u00e9, ainsi que les confiseries et confitures de Florian.<\/p>\n<p>En 2025, en plus du Ch\u00e2teau de Cr\u00e9mat, d\u2019autres nouveaut\u00e9s ont int\u00e9gr\u00e9 la collection. La <a href=\"https:\/\/nicepresse.com\/deux-nouveaux-coffrets-avec-produits-100-made-in-menton\/\" data-wpel-link=\"internal\" target=\"_blank\" rel=\"noopener noreferrer nofollow\">Maison Gannac<\/a> propose une bouteille de limoncello, Malongo y\u00a0va de ses dosettes de caf\u00e9, sans oublier la Biscuiterie d\u2019Azur, qui fournit une petite boite de gourmandises au citron et des mugs. Tous les articles sont \u00e0\u00a0<a href=\"https:\/\/cotedazurfrance.fr\/boutique\/\" target=\"_blank\" rel=\"noopener external noreferrer nofollow\" data-wpel-link=\"external\" class=\"wpel-icon-right\">d\u00e9couvrir ici<\/a>.<\/p>\n<p><a href=\"https:\/\/www.nicecotedazur.org\/actualites\/ensemble-face-aux-risques-majeurs\/\" data-wpel-link=\"external\" target=\"_blank\" rel=\"external noopener noreferrer nofollow\"><img loading=\"lazy\" decoding=\"async\" width=\"300\" height=\"300\" src=\"data:image\/svg+xml,%3Csvg%20xmlns=\" http:=\"\" alt=\"\" class=\"wp-image-252503\" data-lazy-src=\"https:\/\/www.europesays.com\/fr\/wp-content\/uploads\/2025\/10\/decli-web_risques-majeurs2025_nicepresse_300-x-300.jpg\"\/><\/a><\/p>\n<p>\t<script async src=\"\/\/www.instagram.com\/embed.js\"><\/script><\/p>\n","protected":false},"excerpt":{"rendered":"Voici une nouvelle collection \u00ab\u00a0made in Nice\u00a0\u00bb pour des mets gourmands \u00e0\u00a0partager. Depuis le mois d\u2019ao\u00fbt, le fameux&hellip;\n","protected":false},"author":2,"featured_media":452757,"comment_status":"","ping_status":"","sticky":false,"template":"","format":"standard","meta":{"footnotes":""},"categories":[2819],"tags":[1111,11,1777,674,1011,27,12,2401,882,25],"class_list":{"0":"post-452756","1":"post","2":"type-post","3":"status-publish","4":"format-standard","5":"has-post-thumbnail","7":"category-nice","8":"tag-actu","9":"tag-actualites","10":"tag-eu","11":"tag-europe","12":"tag-fr","13":"tag-france","14":"tag-news","15":"tag-nice","16":"tag-provence-alpes-cote-dazur","17":"tag-republique-francaise"},"share_on_mastodon":{"url":"https:\/\/pubeurope.com\/@fr\/115350452621828811","error":""},"_links":{"self":[{"href":"https:\/\/www.europesays.com\/fr\/wp-json\/wp\/v2\/posts\/452756","targetHints":{"allow":["GET"]}}],"collection":[{"href":"https:\/\/www.europesays.com\/fr\/wp-json\/wp\/v2\/posts"}],"about":[{"href":"https:\/\/www.europesays.com\/fr\/wp-json\/wp\/v2\/types\/post"}],"author":[{"embeddable":true,"href":"https:\/\/www.europesays.com\/fr\/wp-json\/wp\/v2\/users\/2"}],"replies":[{"embeddable":true,"href":"https:\/\/www.europesays.com\/fr\/wp-json\/wp\/v2\/comments?post=452756"}],"version-history":[{"count":0,"href":"https:\/\/www.europesays.com\/fr\/wp-json\/wp\/v2\/posts\/452756\/revisions"}],"wp:featuredmedia":[{"embeddable":true,"href":"https:\/\/www.europesays.com\/fr\/wp-json\/wp\/v2\/media\/452757"}],"wp:attachment":[{"href":"https:\/\/www.europesays.com\/fr\/wp-json\/wp\/v2\/media?parent=452756"}],"wp:term":[{"taxonomy":"category","embeddable":true,"href":"https:\/\/www.europesays.com\/fr\/wp-json\/wp\/v2\/categories?post=452756"},{"taxonomy":"post_tag","embeddable":true,"href":"https:\/\/www.europesays.com\/fr\/wp-json\/wp\/v2\/tags?post=452756"}],"curies":[{"name":"wp","href":"https:\/\/api.w.org\/{rel}","templated":true}]}}