{"id":452758,"date":"2025-10-10T14:56:15","date_gmt":"2025-10-10T14:56:15","guid":{"rendered":"https:\/\/www.europesays.com\/fr\/452758\/"},"modified":"2025-10-10T14:56:15","modified_gmt":"2025-10-10T14:56:15","slug":"trois-suspects-interpelles-apres-avoir-vole-une-montre-de-luxe-au-champion-cycliste-mark-cavendish-a-nice","status":"publish","type":"post","link":"https:\/\/www.europesays.com\/fr\/452758\/","title":{"rendered":"Trois suspects interpell\u00e9s apr\u00e8s avoir vol\u00e9 une montre de luxe au champion cycliste Mark Cavendish \u00e0 Nice"},"content":{"rendered":"<p class=\"fs-5 \">Apr\u00e8s Tadej Pogacar, Mark Cavendish. Tout comme le ph\u00e9nom\u00e8ne slov\u00e8ne en 2023, une autre l\u00e9gende du cyclisme est cit\u00e9e en tant que partie civile devant le tribunal correctionnel de <a href=\"https:\/\/www.nicematin.com\/alpes-maritimes\/nice\" target=\"_blank\" rel=\"noopener\">Nice<\/a>, apr\u00e8s s\u2019\u00eatre fait voler une montre de luxe.<\/p>\n<p>            <img decoding=\"async\" src=\"https:\/\/www.europesays.com\/fr\/wp-content\/uploads\/2025\/10\/44abb06_upload-from-url-1-wa3y7cjr9vwz-img-6131-safu2lvj.jpg\" loading=\"lazy\" alt=\"&quot;Elle \u00e9tait sp\u00e9ciale pour moi. Elle m\u2019a \u00e9t\u00e9 offerte par mon patron apr\u00e8s les J.O&quot;, confie Tadej Pogacar, ici au centre. \" class=\"img-fluid position-absolute w-100 object-fit-coverrounded-2\" width=\"600\" height=\"400\"\/><\/p>\n<p class=\"fs-5 \">Cette fois-ci, c\u2019est le champion britannique, souvent pr\u00e9sent\u00e9 comme le meilleur sprinteur de tous les temps, qui a port\u00e9 plainte apr\u00e8s le vol d\u2019une Richard-Mille estim\u00e9e, au bas mot, \u00e0 300.000 euros.<\/p>\n<p class=\"fs-5 \">Trois hommes comparaissent dans le box, ce vendredi apr\u00e8s-midi, dans cette affaire de vol en bande organis\u00e9e.<\/p>\n<p class=\"fs-5 \">La d\u00e9fense devrait demander son renvoi \u00e0 une date ult\u00e9rieure. Mais les limiers du service interd\u00e9partemental de la police judiciaire (SIPJ 06) ont r\u00e9uni un certain nombre d\u2019\u00e9l\u00e9ments pour le moins embarrassants.<\/p>\n<p class=\"fs-5 \">Ce mardi, la division de la criminalit\u00e9 territoriale (DCT) a conduit trois suspects en garde \u00e0 vue \u00e0 la caserne <a href=\"https:\/\/www.nicematin.com\/alpes-maritimes\/vallees\/auvare\" target=\"_blank\" rel=\"noopener\">Auvare<\/a>.<\/p>\n<p class=\"fs-5 \">Le fruit d\u2019un mois et demi d\u2019investigations, faisant suite \u00e0 un vol dans la villa lou\u00e9e par Mark Cavendish pour ses vacances.<\/p>\n<p class=\"fs-5 \">Le coureur aux 35 victoires d\u2019\u00e9tape dans la Grance Boucle, d\u00e9sormais retrait\u00e9, avait lou\u00e9 une maison \u00e0 <a href=\"https:\/\/www.nicematin.com\/alpes-maritimes\/nice\" target=\"_blank\" rel=\"noopener\">Nice<\/a>, la ville o\u00f9 il avait conclu son dernier Tour, le 21 juillet 2024.<\/p>\n<p class=\"fs-5 \">Deux individus se sont introduits chez lui le 28 ao\u00fbt dernier.<\/p>\n<p>                                                                                <strong>En pr\u00e9sence de sa femme et de sa fille<\/strong><\/p>\n<p class=\"fs-5 \">A ce moment-l\u00e0, Mark Cavendish a quitt\u00e9 son lieu de vacances. Une balise l\u2019indique aux malfaiteurs qui ont plac\u00e9 une balise sous son v\u00e9hicule.<\/p>\n<p class=\"fs-5 \">Deux individus se rendent sur place avec un scooter vol\u00e9. Peut-\u00eatre croient-ils la villa vide &#8211; le proc\u00e8s aidera \u00e0 l\u2019\u00e9tablir. Quoi qu\u2019il en soit, elle ne l\u2019est pas.<\/p>\n<p class=\"fs-5 \">Les malfaiteurs tombent nez \u00e0 nez avec l\u2019\u00e9pouse et la fille du coureur. L\u2019un d\u2019eux tient un tournevis \u00e0 la main.<\/p>\n<p class=\"fs-5 \">S\u2019en est-il servi pour menacer les victimes\u00a0? L\u00e0 encore, ce point fera d\u00e9bat. \u00ab\u00a0No problem, no problem\u00a0\u00bb, leur aurait lanc\u00e9 la m\u00e8re de famille, pour leur signifier de ne pas leur faire de mal.<\/p>\n<p class=\"fs-5 \">\u00ab\u00a0Just watch\u00a0\u00bb, auraient r\u00e9pondu les intrus, pour indiquer que seule la montre les int\u00e9ressait.<\/p>\n<p class=\"fs-5 \">Les malfaiteurs n\u2019auraient pas commis de violence physique. Juste cibl\u00e9, et emport\u00e9, la pr\u00e9cieuse montre.<\/p>\n<p class=\"fs-5 \">Le bijou n\u2019a pu \u00eatre retrouv\u00e9 \u00e0 ce jour. A la diff\u00e9rence de ses voleurs pr\u00e9sum\u00e9s.<\/p>\n<p>                                                                                <strong>Suspects tr\u00e8s d\u00e9favorablement connus<\/strong><\/p>\n<p class=\"fs-5 \">La police judiciaire a interpell\u00e9 trois suspects \u00e0 Nice, Cannes et Vallauris. Deux hommes \u00e2g\u00e9s de 30 et 31 ans, suspect\u00e9s d\u2019avoir commis le vol, et un troisi\u00e8me \u00e2g\u00e9 de 26 ans, qui aurait vol\u00e9 le scooter quelques semaines plus t\u00f4t \u00e0 Beaulieu-sur-Mer.<\/p>\n<p class=\"fs-5 \">Les trois mis en cause seraient rest\u00e9s peu diserts en garde \u00e0 vue. Tous trois sont tr\u00e8s d\u00e9favorablement connus de la justice.<\/p>\n<p class=\"fs-5 \">D\u00e9f\u00e9r\u00e9s au parquet de Nice, puis pr\u00e9sent\u00e9s au tribunal dans le cadre d\u2019une proc\u00e9cure de comparution imm\u00e9diate, les voici appel\u00e9s \u00e0 s\u2019expliquer dans le box. M\u00eame si ce sera sans doute dans un second temps.<\/p>\n<p class=\"fs-5 \">Repr\u00e9sent\u00e9e par Me Morgane Oleksy \u00e0 l\u2019audience, la famille Cavendish s\u2019en tient \u00e0 exprimer \u00ab\u00a0toute sa confiance en la justice et la police ni\u00e7oises.\u00a0\u00bb<\/p>\n","protected":false},"excerpt":{"rendered":"Apr\u00e8s Tadej Pogacar, Mark Cavendish. Tout comme le ph\u00e9nom\u00e8ne slov\u00e8ne en 2023, une autre l\u00e9gende du cyclisme est&hellip;\n","protected":false},"author":2,"featured_media":452759,"comment_status":"","ping_status":"","sticky":false,"template":"","format":"standard","meta":{"footnotes":""},"categories":[2819],"tags":[1111,11,1777,674,1011,27,12,2401,882,25],"class_list":{"0":"post-452758","1":"post","2":"type-post","3":"status-publish","4":"format-standard","5":"has-post-thumbnail","7":"category-nice","8":"tag-actu","9":"tag-actualites","10":"tag-eu","11":"tag-europe","12":"tag-fr","13":"tag-france","14":"tag-news","15":"tag-nice","16":"tag-provence-alpes-cote-dazur","17":"tag-republique-francaise"},"share_on_mastodon":{"url":"https:\/\/pubeurope.com\/@fr\/115350457300896768","error":""},"_links":{"self":[{"href":"https:\/\/www.europesays.com\/fr\/wp-json\/wp\/v2\/posts\/452758","targetHints":{"allow":["GET"]}}],"collection":[{"href":"https:\/\/www.europesays.com\/fr\/wp-json\/wp\/v2\/posts"}],"about":[{"href":"https:\/\/www.europesays.com\/fr\/wp-json\/wp\/v2\/types\/post"}],"author":[{"embeddable":true,"href":"https:\/\/www.europesays.com\/fr\/wp-json\/wp\/v2\/users\/2"}],"replies":[{"embeddable":true,"href":"https:\/\/www.europesays.com\/fr\/wp-json\/wp\/v2\/comments?post=452758"}],"version-history":[{"count":0,"href":"https:\/\/www.europesays.com\/fr\/wp-json\/wp\/v2\/posts\/452758\/revisions"}],"wp:featuredmedia":[{"embeddable":true,"href":"https:\/\/www.europesays.com\/fr\/wp-json\/wp\/v2\/media\/452759"}],"wp:attachment":[{"href":"https:\/\/www.europesays.com\/fr\/wp-json\/wp\/v2\/media?parent=452758"}],"wp:term":[{"taxonomy":"category","embeddable":true,"href":"https:\/\/www.europesays.com\/fr\/wp-json\/wp\/v2\/categories?post=452758"},{"taxonomy":"post_tag","embeddable":true,"href":"https:\/\/www.europesays.com\/fr\/wp-json\/wp\/v2\/tags?post=452758"}],"curies":[{"name":"wp","href":"https:\/\/api.w.org\/{rel}","templated":true}]}}