{"id":452762,"date":"2025-10-10T14:58:10","date_gmt":"2025-10-10T14:58:10","guid":{"rendered":"https:\/\/www.europesays.com\/fr\/452762\/"},"modified":"2025-10-10T14:58:10","modified_gmt":"2025-10-10T14:58:10","slug":"jocelyn-gourvennec-reclame-2-me-au-fc-nantes","status":"publish","type":"post","link":"https:\/\/www.europesays.com\/fr\/452762\/","title":{"rendered":"Jocelyn Gourvennec r\u00e9clame 2 M\u20ac au FC Nantes"},"content":{"rendered":"<p>Nomm\u00e9 \u00e0 la t\u00eate du FC <a href=\"https:\/\/www.footmercato.net\/club\/fc-nantes\/\" rel=\"nofollow noopener\" target=\"_blank\">Nantes<\/a> en novembre 2023 pour remplacer Pierre Aristouy, <a href=\"https:\/\/www.footmercato.net\/entraineur\/jocelyn-gourvennec\" rel=\"nofollow noopener\" target=\"_blank\">Jocelyn Gourvennec<\/a> n\u2019a pas fait long feu chez les Canaris. Sous contrat jusqu\u2019en juin 2024, le technicien breton a \u00e9t\u00e9 \u00e9cart\u00e9 en mars 2024 apr\u00e8s avoir conc\u00e9d\u00e9 neuf revers en treize matches.<\/p>\n<p>            La suite apr\u00e8s cette publicit\u00e9<\/p>\n<p>Aujourd\u2019hui, <a href=\"https:\/\/www.ouest-france.fr\/sport\/football\/fc-nantes\/fc-nantes-lex-entraineur-jocelyn-gourvennec-demande-de-lourdes-indemnites-au-club-ad5a18b0-a5b5-11f0-aa8e-e39f42e4d309\" rel=\"nofollow noopener\" target=\"_blank\">Ouest France<\/a> nous apprend que les avocats de Gourvennec aux Prud\u2019hommes r\u00e9clament 2 M\u20ac au FC Nantes. Ces derniers estiment que le mauvais bilan sportif de leur client ne peut \u00eatre consid\u00e9r\u00e9 comme une faute grave. <\/p>\n<p>\n    Pub. le 10\/10\/2025 16:55<br \/>\n            &#8211; MAJ le 10\/10\/2025 16:56\n    <\/p>\n","protected":false},"excerpt":{"rendered":"Nomm\u00e9 \u00e0 la t\u00eate du FC Nantes en novembre 2023 pour remplacer Pierre Aristouy, Jocelyn Gourvennec n\u2019a pas&hellip;\n","protected":false},"author":2,"featured_media":452763,"comment_status":"","ping_status":"","sticky":false,"template":"","format":"standard","meta":{"footnotes":""},"categories":[2818],"tags":[1111,11,1777,674,1011,27,766,12,2636,25],"class_list":{"0":"post-452762","1":"post","2":"type-post","3":"status-publish","4":"format-standard","5":"has-post-thumbnail","7":"category-nantes","8":"tag-actu","9":"tag-actualites","10":"tag-eu","11":"tag-europe","12":"tag-fr","13":"tag-france","14":"tag-nantes","15":"tag-news","16":"tag-pays-de-la-loire","17":"tag-republique-francaise"},"share_on_mastodon":{"url":"https:\/\/pubeurope.com\/@fr\/115350464871027603","error":""},"_links":{"self":[{"href":"https:\/\/www.europesays.com\/fr\/wp-json\/wp\/v2\/posts\/452762","targetHints":{"allow":["GET"]}}],"collection":[{"href":"https:\/\/www.europesays.com\/fr\/wp-json\/wp\/v2\/posts"}],"about":[{"href":"https:\/\/www.europesays.com\/fr\/wp-json\/wp\/v2\/types\/post"}],"author":[{"embeddable":true,"href":"https:\/\/www.europesays.com\/fr\/wp-json\/wp\/v2\/users\/2"}],"replies":[{"embeddable":true,"href":"https:\/\/www.europesays.com\/fr\/wp-json\/wp\/v2\/comments?post=452762"}],"version-history":[{"count":0,"href":"https:\/\/www.europesays.com\/fr\/wp-json\/wp\/v2\/posts\/452762\/revisions"}],"wp:featuredmedia":[{"embeddable":true,"href":"https:\/\/www.europesays.com\/fr\/wp-json\/wp\/v2\/media\/452763"}],"wp:attachment":[{"href":"https:\/\/www.europesays.com\/fr\/wp-json\/wp\/v2\/media?parent=452762"}],"wp:term":[{"taxonomy":"category","embeddable":true,"href":"https:\/\/www.europesays.com\/fr\/wp-json\/wp\/v2\/categories?post=452762"},{"taxonomy":"post_tag","embeddable":true,"href":"https:\/\/www.europesays.com\/fr\/wp-json\/wp\/v2\/tags?post=452762"}],"curies":[{"name":"wp","href":"https:\/\/api.w.org\/{rel}","templated":true}]}}