{"id":452764,"date":"2025-10-10T14:59:22","date_gmt":"2025-10-10T14:59:22","guid":{"rendered":"https:\/\/www.europesays.com\/fr\/452764\/"},"modified":"2025-10-10T14:59:22","modified_gmt":"2025-10-10T14:59:22","slug":"ou-bouger-a-bordeaux-la-semaine-du-13-au-19-octobre","status":"publish","type":"post","link":"https:\/\/www.europesays.com\/fr\/452764\/","title":{"rendered":"O\u00f9 bouger \u00e0 Bordeaux la semaine du 13 au 19 octobre ?"},"content":{"rendered":"<p>\ud83c\udf83Dernier virage avant les vacances de la Toussaint ! Alors pour que l\u2019attente te semble moins longue, on t\u2019a s\u00e9lectionn\u00e9 les \u00e9v\u00e9nements de la semaine \u00e0 ne pas louper\u2026 Entre festivals qui sortent de l\u2019ordinaire, rencontre avec des personnalit\u00e9s passionnantes et d\u00e9gustations pour les gourmands, tu y trouveras forc\u00e9ment ton compte !\u2615<\/p>\n<p>LUNDI 13 OCTOBRE<\/p>\n<p>Le Festival Bon ! <\/p>\n<p id=\"block-c0a6d400-b605-409c-aac6-25e704c07565\" style=\"font-size:16px\">Du <strong>13 au 19 octobre 2025<\/strong>, Bordeaux t\u2019invite \u00e0 croquer la vie \u00e0 pleines dents avec la <strong>troisi\u00e8me \u00e9dition du festival Bon !<\/strong> Parrain\u00e9 par le chef <strong>Philippe Etchebest<\/strong>, cet \u00e9v\u00e9nement gourmand et responsable met \u00e0 l\u2019honneur la cuisine durable, locale et joyeuse.<\/p>\n<p style=\"font-size:16px\">Pendant une semaine, la ville se transforme en grand terrain de jeu culinaire : <strong>ateliers de cuisine<\/strong>, <strong>conf\u00e9rences<\/strong>, <strong>d\u00e9gustations<\/strong>, <strong>repas partag\u00e9s<\/strong> et <strong>jeux p\u00e9dagogiques<\/strong> t\u2019attendent dans tous les quartiers. Le chef Etchebest concocte m\u00eame des menus sp\u00e9ciaux pour les <strong>17 000 \u00e9coliers bordelais<\/strong> et les <strong>seniors<\/strong>, et animera un <strong>quiz culinaire<\/strong> pour les enfants le 17 octobre.<\/p>\n<p id=\"block-c0a6d400-b605-409c-aac6-25e704c07565\" style=\"font-size:16px\">Parce que <strong>bien manger est un droit fondamental<\/strong>, le festival t\u2019invite \u00e0 savourer mieux, gaspiller moins et c\u00e9l\u00e9brer ensemble une gastronomie engag\u00e9e. Et pour finir en beaut\u00e9 : le <strong>Chaud Show<\/strong>, un grand final festif m\u00ealant chefs, producteurs et musique !<\/p>\n<p><img fetchpriority=\"high\" decoding=\"async\" width=\"700\" height=\"467\" src=\"https:\/\/www.bougerabordeaux.com\/wp-content\/uploads\/2025\/10\/bon.webp\" alt=\"\" class=\"wp-image-84905\" style=\"width:555px;height:auto\"  \/><\/p>\n<p class=\"has-text-align-center\" id=\"block-96f1f2cd-8228-4838-9e30-3b21c0a4ed9e\" style=\"font-size:16px\"><strong>On bouge ?<\/strong><br \/>\ud83d\udccdFestival Bon ! Bordeaux<br \/>\ud83d\udcc5 \u00a0Du 13 au 19 octobre \u00a0<br \/>\ud83d\udc9b Ouvert \u00e0 tous.tes<br \/>\u27a1\ufe0f<a href=\"https:\/\/www.bordeaux.fr\/agenda\/le-festival-bon-2025\" target=\"_blank\" rel=\"noreferrer noopener nofollow\">Lien de l\u2019\u00e9v\u00e9nement<\/a><\/p>\n<p>MARDI 14 OCTOBRE<\/p>\n<p>Mardis de la musique \u2013 Biblioth\u00e8que de M\u00e9riadeck<\/p>\n<p style=\"font-size:16px\">Le <strong>mardi 14 octobre 2025 \u00e0 10 h 30<\/strong>, la <strong>biblioth\u00e8que M\u00e9riadeck<\/strong> t\u2019ouvre ses portes pour un voyage rythm\u00e9 au c\u0153ur des ann\u00e9es disco ! Dans le cadre <strong>des Mardis de la musique<\/strong>, le <strong>journaliste et chroniqueur<\/strong> <strong>Jean-Pierre Gauffre<\/strong> t\u2019invite \u00e0 revivre la fi\u00e8vre des ann\u00e9es 70, quand paillettes, boules \u00e0 facettes et rythmes endiabl\u00e9s faisaient vibrer les pistes du monde entier.<\/p>\n<p style=\"font-size:16px\">Mais derri\u00e8re les tubes mythiques et les looks flamboyants, cette conf\u00e9rence te fera d\u00e9couvrir une histoire bien plus profonde : celle de l\u2019\u00e9mancipation des communaut\u00e9s homosexuelles, qui ont trouv\u00e9 dans le disco un espace de libert\u00e9 et de reconnaissance, avant l\u2019ombre tragique des ann\u00e9es SIDA.<\/p>\n<p style=\"font-size:16px\">Alors, viens \u00e9couter, apprendre et te laisser emporter par cette musique joyeuse et engag\u00e9e. Un mardi matin pour danser avec l\u2019histoire et comprendre pourquoi le disco continue de faire battre nos c\u0153urs.<\/p>\n<p><img loading=\"lazy\" decoding=\"async\" width=\"650\" height=\"650\" src=\"https:\/\/www.europesays.com\/fr\/wp-content\/uploads\/2025\/10\/mardis-musique.jpg\" alt=\"\" class=\"wp-image-84909\" style=\"width:482px;height:auto\"  \/><\/p>\n<p class=\"has-text-align-center\" id=\"block-6caa19c7-b9b8-4982-829e-c7f9b3fd0950\" style=\"font-size:16px\"><strong>On bouge ?<\/strong><br \/>\ud83d\udccdLes mardis de la musique \u2022 85 cours du Mar\u00e9chal Juin, Bordeaux<br \/>\ud83d\udcc5 Mardi 14 octobre \u2022 De 10h30 \u00e0 12h <br \/>\ud83d\udc9b Ouvert \u00e0 tous.tes \u2022 entr\u00e9e libre<br \/>\u27a1\ufe0f<a href=\"https:\/\/www.bordeaux.fr\/agenda\/mardis-de-la-musique-la-folle-histoire-du-disco\" target=\"_blank\" rel=\"noreferrer noopener nofollow\">Lien de l\u2019\u00e9v\u00e9nement<\/a> <br \/>\ud83d\udcf2 <a href=\"https:\/\/bibliotheque.bordeaux.fr\/accueil\" target=\"_blank\" rel=\"noreferrer noopener nofollow\">Site web<\/a> \u2022 <a href=\"https:\/\/www.facebook.com\/bibliotheques.bordeaux\/\" target=\"_blank\" rel=\"noreferrer noopener nofollow\">Facebook <\/a>\u2022 <a href=\"https:\/\/www.instagram.com\/bibliotheques.bordeaux\/\" target=\"_blank\" rel=\"noreferrer noopener nofollow\">Instagram <\/a><\/p>\n<p>MERCREDI 15 OCTOBRE<\/p>\n<p>Rencontre avec Matthieu Ricard \u2013 Th\u00e9\u00e2tre F\u00e9mina<\/p>\n<p style=\"font-size:16px\">Le <strong>15 octobre 2025<\/strong>, viens vivre un moment d\u2019exception au <strong>Th\u00e9\u00e2tre F\u00e9mina<\/strong> avec <strong>Matthieu Ricard<\/strong>, moine, photographe et humaniste. Organis\u00e9e par <strong>Karuna-Shechen<\/strong> en partenariat avec les <strong>\u00c9ditions Allary<\/strong>, cette conf\u00e9rence t\u2019invite \u00e0 explorer la <strong>beaut\u00e9 du monde<\/strong> \u00e0 travers la <strong>photographie, la spiritualit\u00e9 et l\u2019\u00e9merveillement<\/strong>.<\/p>\n<p style=\"font-size:16px\">Guid\u00e9 par la symbolique bouddhiste des <strong>cinq couleurs et cinq sagesses<\/strong>, Ricard t\u2019emm\u00e8ne dans un voyage int\u00e9rieur o\u00f9 la lumi\u00e8re devient miroir de nos \u00e9motions et chemin vers la clart\u00e9. Cette rencontre accompagne la sortie de son nouveau livre, <strong>Lumi\u00e8re<\/strong>, fruit de <strong>soixante ans de photographie<\/strong> et v\u00e9ritable po\u00e8me en images, c\u00e9l\u00e9brant le lien profond entre l\u2019humain et la nature.<\/p>\n<p id=\"block-d3784bd3-c1f6-40bf-928c-e8e6531492f6\" style=\"font-size:16px\">Cette soir\u00e9e marquera aussi les <strong>25 ans de Karuna-Shechen<\/strong>, l\u2019association qu\u2019il a fond\u00e9e pour soutenir les populations en Inde, au N\u00e9pal et au Tibet.<\/p>\n<p><img loading=\"lazy\" decoding=\"async\" width=\"960\" height=\"502\" src=\"https:\/\/www.europesays.com\/fr\/wp-content\/uploads\/2025\/10\/Matthieu-ricard.jpg\" alt=\"\" class=\"wp-image-84912\" style=\"width:805px;height:auto\"  \/><\/p>\n<p class=\"has-text-align-center\" id=\"block-6100cfc0-5939-4c09-aeb4-640af8c3f232\" style=\"font-size:16px\"><strong>On bouge ?<\/strong><br \/>\ud83d\udccdTh\u00e9\u00e2tre F\u00e9mina, Bordeaux<br \/>\ud83d\udcc5 Mercredi 15 octobre<strong> <\/strong>\u2022 \u00c0 20h30<br \/>\ud83d\udc9b Ouvert \u00e0 tous.tes \u2022 entr\u00e9e sur r\u00e9servation<br \/>\u27a1\ufe0f<a href=\"https:\/\/theatrefemina.com\/evenement\/matthieu-ricard\/?fbclid=IwY2xjawNUTKZleHRuA2FlbQIxMABicmlkETA5aDE1YVNVMTFQck1pdTY2AR6CATf5BNs4UcguBkFslFjV0I3VATeCAhNxTFTbV3UM5xd3i0WpqO8jk4vdBA_aem_EPqIAOwZH1Yyvyvvi_gPVw\" target=\"_blank\" rel=\"noreferrer noopener nofollow\">Billetterie<\/a><br \/>\ud83d\udcf2\u00a0<a href=\"https:\/\/theatrefemina.com\/\" target=\"_blank\" rel=\"noreferrer noopener nofollow\">Site web<\/a> \u2022 <a href=\"https:\/\/www.facebook.com\/theatrefeminabordeaux\/?locale=fr_FR\" target=\"_blank\" rel=\"noreferrer noopener nofollow\">Facebook <\/a>\u2022\u00a0<a href=\"https:\/\/www.instagram.com\/theatre_femina\/?hl=fr\" target=\"_blank\" rel=\"noreferrer noopener nofollow\">Instagram<\/a><\/p>\n<p>JEUDI 16 OCTOBRE<\/p>\n<p>Festival Connect <\/p>\n<p style=\"font-size:16px\">Du <strong>16 au 19 octobre<\/strong>, pr\u00e9pare-toi \u00e0 voir <strong>Bordeaux<\/strong> sous un tout nouveau jour ! Le <strong>festival Connect<\/strong> revient pour sa <strong>deuxi\u00e8me \u00e9dition<\/strong> et transforme la <strong>Cour Mably<\/strong> et les rues bordelaises en terrain d\u2019expression libre, o\u00f9 <strong>skate, urbanisme et art<\/strong> s\u2019entrem\u00ealent. Ici, pas de clich\u00e9s : le skate devient un <strong>outil de r\u00e9flexion, d\u2019exp\u00e9rimentation et de cr\u00e9ation<\/strong>.<\/p>\n<p style=\"font-size:16px\">Grande nouveaut\u00e9 cette ann\u00e9e : le workshop <strong>\u00ab Sciences and Skateboarding \u00bb<\/strong>, o\u00f9 des chercheurs et skateurs croiseront leurs regards sur la <strong>physique<\/strong>, la <strong>sociologie<\/strong>, ou encore le <strong>design<\/strong>. L\u2019objectif ? Montrer que rider, c\u2019est aussi penser et transformer la ville.<\/p>\n<p style=\"font-size:16px\">Autour du skateur bordelais <strong>L\u00e9o Valls<\/strong>, du <strong>City Skate Collective<\/strong> et de <strong>C\u00f4te Ouest<\/strong>, le festival promet un programme riche : <strong>expos, projections, concerts, installations, ateliers et sessions de skate<\/strong> ! <\/p>\n<p><img loading=\"lazy\" decoding=\"async\" width=\"822\" height=\"1024\" src=\"https:\/\/www.europesays.com\/fr\/wp-content\/uploads\/2025\/10\/image-109.png\" alt=\"\" class=\"wp-image-84915\" style=\"width:482px;height:auto\"  \/><\/p>\n<p class=\"has-text-align-center\" id=\"block-b5b13e4c-359d-49da-bd4c-deb9e79fb66c\" style=\"font-size:16px\"><strong>On bouge ?<\/strong><br \/>\ud83d\udccd Festival Connect \u2022 Cours Mably &amp; tout Bordeaux<br \/>\ud83d\udcc5Du 16 au 19 octobre <br \/>\ud83d\udc9b Ouvert \u00e0 tous.tes<br \/>\u27a1\ufe0f<a href=\"https:\/\/connect-skaturbanism-festival.com\/\" target=\"_blank\" rel=\"noreferrer noopener nofollow\">Plus d\u2019informations<\/a><br \/>\ud83d\udcf2 <a href=\"https:\/\/connect-skaturbanism-festival.com\/\" target=\"_blank\" rel=\"noreferrer noopener nofollow\">Site web<\/a> \u2022 <a href=\"https:\/\/www.facebook.com\/profile.php?id=61561211732558\" target=\"_blank\" rel=\"noreferrer noopener nofollow\">Facebook <\/a>\u2022 <a href=\"https:\/\/www.instagram.com\/connect.skaturbanism.festival\/\" target=\"_blank\" rel=\"noreferrer noopener nofollow\">Instagram<\/a><\/p>\n<p>VENDREDI 17 OCTOBRE<\/p>\n<p>LUMINISCENCE \u2013 Concert ch\u0153ur et orchestre live<\/p>\n<p id=\"block-e4ec5364-4a9e-4433-b35c-b0e6215ec95d\" style=\"font-size:16px\">Pr\u00e9pare-toi \u00e0 vivre une exp\u00e9rience sonore unique ! Chaque week-end, du <strong>17 octobre au 1\u1d49\u02b3 novembre<\/strong>, l\u2019<strong>Orchestre LUMINISCENCE<\/strong>, dirig\u00e9 par <strong>Alexis Duffaure<\/strong>, t\u2019invite \u00e0 une s\u00e9rie de concerts exceptionnels dans l\u2019un des plus beaux \u00e9crins acoustiques d\u2019Europe.<\/p>\n<p style=\"font-size:16px\">Entour\u00e9 de <strong>15 musiciens virtuoses<\/strong>, cordes, harpe, fl\u00fbte, cuivres, orgue, l\u2019orchestre accompagne les voix puissantes du <strong>ch\u0153ur Ensemble Vocal Cathedra<\/strong> et du <strong>Ch\u0153ur Voyageur<\/strong>. Ensemble, ils t\u2019offrent une <strong>immersion musicale totale<\/strong>, o\u00f9 chaque note r\u00e9sonne avec \u00e9motion et intensit\u00e9.<\/p>\n<p id=\"block-e4ec5364-4a9e-4433-b35c-b0e6215ec95d\" style=\"font-size:16px\">Ces soir\u00e9es, <strong>int\u00e9gralement en live<\/strong>, redonnent vie \u00e0 la majest\u00e9 du lieu et \u00e0 la magie de la musique classique, dans une version in\u00e9dite et vibrante !<\/p>\n<p><img loading=\"lazy\" decoding=\"async\" width=\"800\" height=\"533\" src=\"https:\/\/www.europesays.com\/fr\/wp-content\/uploads\/2025\/10\/image-112.png\" alt=\"\" class=\"wp-image-84921\" style=\"width:702px;height:auto\"  \/><\/p>\n<p class=\"has-text-align-center\" id=\"block-e4ec5364-4a9e-4433-b35c-b0e6215ec95d\" style=\"font-size:16px\"><strong>On bouge ?<br \/><\/strong>\ud83d\udccdLUMINISCENCE <br \/>\ud83d\udcc5Chaque week-end, du 17 octobre au 1\u1d49\u02b3 novembre<br \/>\ud83d\udc9b Ouvert \u00e0 tous.tes<br \/>\u27a1\ufe0f<a href=\"https:\/\/feverup.com\/m\/424346?cp_landing=cta_header&amp;cp_landing_term=cta_header&amp;cp_landing_source=luminiscence&amp;utm_source=sellsy&amp;thm=5381&amp;utm_medium=referral\" target=\"_blank\" rel=\"noreferrer noopener nofollow\">Billetterie<\/a><br \/>\ud83d\udcf2 <a href=\"https:\/\/luminiscence.com\/\" target=\"_blank\" rel=\"noreferrer noopener nofollow\">Site web<\/a> \u2022 <a href=\"https:\/\/www.facebook.com\/profile.php?id=61550680152692\" target=\"_blank\" rel=\"noreferrer noopener nofollow\">Facebook <\/a>\u2022 <a href=\"https:\/\/www.instagram.com\/lumini.scence\/\" target=\"_blank\" rel=\"noreferrer noopener nofollow\">Instagram<\/a><\/p>\n<p>SAMEDI 18 OCTOBRE<\/p>\n<p>Le Grand Bleu \u2013 La Cit\u00e9 Bleue<\/p>\n<p style=\"font-size:16px\">Le <strong>samedi 12 octobre<\/strong>, la <strong>Cit\u00e9 Bleue<\/strong> t\u2019invite \u00e0 <strong>au \u00ab\u00a0Grand Bleu\u00a0\u00bb<\/strong>, une immersion collective, visuelle et sonore o\u00f9 <strong>cr\u00e9ativit\u00e9 et convivialit\u00e9<\/strong> se rencontrent. L\u2019entr\u00e9e est <strong>\u00e0 prix libre<\/strong>, avec des <strong>pr\u00e9ventes gratuites<\/strong> disponibles, alors pas d\u2019excuse pour manquer cette journ\u00e9e.<\/p>\n<p style=\"font-size:16px\">De <strong>12h \u00e0 18h<\/strong>, amuse-toi avec des <strong>jeux et animations pour petits et grands<\/strong>, participe \u00e0 la <strong>grande fresque participative<\/strong> et profite du <strong>village food et de la buvette<\/strong> pour te restaurer dans une ambiance festive et familiale.<\/p>\n<p style=\"font-size:16px\">Quand le soleil baisse, la f\u00eate continue de <strong>18h \u00e0 minuit<\/strong> avec des concerts live et des DJ sets : <strong>La Gallina<\/strong>, <strong>L\u2019Orangeade DJs<\/strong>, <strong>Tales and Ahlam<\/strong> et encore <strong>L\u2019Orangeade DJs<\/strong> pour faire vibrer les murs de la Cit\u00e9 Bleue.<\/p>\n<p style=\"font-size:16px\">Viens te laisser <strong>griser par la musique, la couleur et la joie<\/strong> : une journ\u00e9e pour cr\u00e9er, partager et t\u2019amuser pleinement.<\/p>\n<p><img loading=\"lazy\" decoding=\"async\" width=\"1024\" height=\"539\" src=\"https:\/\/www.europesays.com\/fr\/wp-content\/uploads\/2025\/10\/la-cite-bleu-1024x539.jpg\" alt=\"\" class=\"wp-image-84925\" style=\"width:660px;height:auto\"  \/><\/p>\n<p class=\"has-text-align-center\" id=\"block-0ba05d21-d1c6-48cb-a3f0-8d0e1e37929b\" style=\"font-size:16px\"><strong>On bouge ?<\/strong><br \/>\ud83d\udccd<strong>Le Grand Bleu<\/strong>\u00a0: 176 rue Achard, Bacalan, Bordeaux<br \/>\ud83d\udcc5 Samedi 18 octobre \u2022 De 12h \u00e0 00h<br \/>\ud83d\udc9b Ouvert \u00e0 toutes et tous<br \/>\u27a1\ufe0f<a href=\"https:\/\/dice.fm\/event\/wwgl7p-le-grand-bleu-18th-oct-la-cit-bleue-bordeaux-tickets?dice_id=Qfc418916dfa&amp;fbclid=IwY2xjawNUV85leHRuA2FlbQIxMABicmlkETA5aDE1YVNVMTFQck1pdTY2AR6Jh7iav6w3E5rqoXXo8cP2eF_u2mw4ZTwzMK3KIh-4zvYcPpFMW_UvvZpujg_aem_guT9Xsf-rnqH87pgH0xmAA&amp;_branch_match_id=1425406338732853462&amp;utm_source=dice.fm&amp;utm_campaign=event_share&amp;utm_medium=event_share&amp;_branch_referrer=H4sIAAAAAAAAA03OwW6CMAAA0L%2FxpgwExCVm6TYIzGDEVAZeGigtVFqoRSjx4Ldvu%2B19wWvudzm8GgZnXbuqGCYrKoyEYtv0tqZb0eKNlpizahfp3JqvhT6cU8%2FhJDyNwAp4mURzDN4ZFrz1IXCKT9%2FM00MawyDBrSkrmFvg5H41G1ZMrl77jrr1WdZ7%2BGiRAI2W0PYF6ke8X%2B%2BjZmk%2FphwfZRB%2Fo%2FM0XeR4rVFBBKpHuM0GulTdLfQ2sg5fZgHA4u%2BLfm%2F%2Fv4unIpQoxboalarXA1G7j0b1gvwAwWZ58OsAAAA%3D\" target=\"_blank\" rel=\"noreferrer noopener nofollow\">Pr\u00e9ventes gratuites<\/a><br \/>\ud83d\udcf2\u00a0<a href=\"https:\/\/www.cite-bleue.fr\/\" target=\"_blank\" rel=\"noreferrer noopener nofollow\">Site Web<\/a> \u2022\u00a0<a href=\"https:\/\/www.facebook.com\/profile.php?id=100092515521547\" target=\"_blank\" rel=\"noreferrer noopener nofollow\">Facebook <\/a>\u2022 <a href=\"https:\/\/www.instagram.com\/la.cite.bleue\/\" target=\"_blank\" rel=\"noreferrer noopener nofollow\">Instagram<\/a><\/p>\n<p>DIMANCHE 19 OCTOBRE<\/p>\n<p>Chai Alriq \u2013 Ginguette Chez Alriq<\/p>\n<p id=\"block-756cc87e-fe5d-4662-95ec-78f69e368bfc\" style=\"font-size:16px\">Les <strong>18 et 19 octobre<\/strong>, pr\u00e9pare-toi \u00e0 lever ton verre au <strong>Salon Chai Alriq<\/strong>, l\u2019incontournable rendez-vous bordelais d\u00e9di\u00e9 aux <strong>vins naturels<\/strong>. Pour sa <strong>4\u1d49 \u00e9dition<\/strong>, le salon r\u00e9unit <strong>plus de 25 vignerons<\/strong> venus des quatre coins de la France, pr\u00eats \u00e0 te faire d\u00e9couvrir leurs crus dans une ambiance conviviale et festive.<\/p>\n<p style=\"font-size:16px\">Le <strong>samedi<\/strong>, de 12 h \u00e0 18 h, tu pourras d\u00e9guster librement, visiter la <strong>vinoth\u00e8que \u00e0 prix doux<\/strong>, et d\u00e8s 20 h 30, te laisser emporter par le <strong>Bal des vignerons<\/strong> avec <strong>Astaffort Mods<\/strong>, suivi d\u2019un DJ set par <strong>Kekette Blanchett<\/strong>. Le <strong>dimanche<\/strong>, le chef \u00e9toil\u00e9 <strong>Vivien Durand<\/strong> prendra soin de ton estomac au food corner, tandis que les d\u00e9gustations continuent.<\/p>\n<p id=\"block-756cc87e-fe5d-4662-95ec-78f69e368bfc\" style=\"font-size:16px\">Entr\u00e9e : <strong>10 \u20ac par jour<\/strong> (gratuit pour les moins de 10 ans tout le week-end, et pour les moins de 18 ans l\u2019apr\u00e8s-midi). Restauration sur place, ambiance festive garantie : vins, musique et rencontres t\u2019attendent \u00e0 la <strong>Guinguette Chez Alriq<\/strong> !<\/p>\n<p><img loading=\"lazy\" decoding=\"async\" width=\"1060\" height=\"1502\" src=\"https:\/\/www.europesays.com\/fr\/wp-content\/uploads\/2025\/10\/chai-alriq.jpg\" alt=\"\" class=\"wp-image-84926\" style=\"width:392px;height:auto\"  \/><\/p>\n<p class=\"has-text-align-center\" id=\"block-d7a9dbe0-b9a0-45e7-99b9-8078d3bf2b0c\" style=\"font-size:16px\"><strong>On bouge ?<\/strong><br \/>\ud83d\udccdGinguette Chez Alriq \u2022 4 Quai des Queyries, Bordeaux<br \/>\ud83d\udcc5 Samedi 18 et dimanche 19 octobre \u2022 <br \/>\ud83d\udc9b Ouvert \u00e0 tous.tes<br \/>\u27a1\ufe0f<a href=\"https:\/\/www.billetweb.fr\/chai-alriq-salon-des-vins-au-naturel?fbclid=IwY2xjawNUWk9leHRuA2FlbQIxMABicmlkETA5aDE1YVNVMTFQck1pdTY2AR7KdXU8vhXouZHexggxqg4V9Syb9n_ysBuxGh8n4gAJPIxhrLwRFPo1BfUwcA_aem_rSPdz0kwtd1zzORXXbtb9A\" target=\"_blank\" rel=\"noreferrer noopener nofollow\">R\u00e9server <\/a><br \/>\ud83d\udcf2\u00a0<a href=\"https:\/\/www.laguinguettechezalriq.com\/\" target=\"_blank\" rel=\"noreferrer noopener nofollow\">Site web<\/a> \u2022\u00a0<a href=\"https:\/\/www.instagram.com\/laguinguettechezalriq\/\" target=\"_blank\" rel=\"noreferrer noopener nofollow\">Instagram <\/a>\u2022 <a href=\"https:\/\/www.facebook.com\/laguinguettechezalriq\/\" target=\"_blank\" rel=\"noreferrer noopener nofollow\">Facebook<\/a><\/p>\n<p id=\"block-fcb688ba-8b3d-4bff-946a-f630ab52dfdf\" style=\"font-size:16px\">Alors tu bouges o\u00f9 cette semaine ?<\/p>\n<p style=\"font-size:16px\">Photo de couverture : \u00a9Vincent Bengold<\/p>\n<p id=\"block-6f9e9826-ab5f-4f6f-843d-366db55de50a\" style=\"font-size:16px\">\u00c0 lire aussi : <a href=\"https:\/\/www.bougerabordeaux.com\/actu\/news\/le-petit-fute-a-sorti-son-bordeaux-city-book-2026\/\" target=\"_blank\" rel=\"noreferrer noopener nofollow\">Le Petit Fut\u00e9 a sorti son Bordeaux City Book 2026 !<\/a><\/p>\n<p>\t\t<script async src=\"\/\/www.instagram.com\/embed.js\"><\/script><\/p>\n","protected":false},"excerpt":{"rendered":"\ud83c\udf83Dernier virage avant les vacances de la Toussaint ! Alors pour que l\u2019attente te semble moins longue, on&hellip;\n","protected":false},"author":2,"featured_media":452765,"comment_status":"","ping_status":"","sticky":false,"template":"","format":"standard","meta":{"footnotes":""},"categories":[2817],"tags":[1111,11,1997,1777,674,1011,27,12,2219,25],"class_list":{"0":"post-452764","1":"post","2":"type-post","3":"status-publish","4":"format-standard","5":"has-post-thumbnail","7":"category-bordeaux","8":"tag-actu","9":"tag-actualites","10":"tag-bordeaux","11":"tag-eu","12":"tag-europe","13":"tag-fr","14":"tag-france","15":"tag-news","16":"tag-nouvelle-aquitaine","17":"tag-republique-francaise"},"share_on_mastodon":{"url":"https:\/\/pubeurope.com\/@fr\/115350469680204393","error":""},"_links":{"self":[{"href":"https:\/\/www.europesays.com\/fr\/wp-json\/wp\/v2\/posts\/452764","targetHints":{"allow":["GET"]}}],"collection":[{"href":"https:\/\/www.europesays.com\/fr\/wp-json\/wp\/v2\/posts"}],"about":[{"href":"https:\/\/www.europesays.com\/fr\/wp-json\/wp\/v2\/types\/post"}],"author":[{"embeddable":true,"href":"https:\/\/www.europesays.com\/fr\/wp-json\/wp\/v2\/users\/2"}],"replies":[{"embeddable":true,"href":"https:\/\/www.europesays.com\/fr\/wp-json\/wp\/v2\/comments?post=452764"}],"version-history":[{"count":0,"href":"https:\/\/www.europesays.com\/fr\/wp-json\/wp\/v2\/posts\/452764\/revisions"}],"wp:featuredmedia":[{"embeddable":true,"href":"https:\/\/www.europesays.com\/fr\/wp-json\/wp\/v2\/media\/452765"}],"wp:attachment":[{"href":"https:\/\/www.europesays.com\/fr\/wp-json\/wp\/v2\/media?parent=452764"}],"wp:term":[{"taxonomy":"category","embeddable":true,"href":"https:\/\/www.europesays.com\/fr\/wp-json\/wp\/v2\/categories?post=452764"},{"taxonomy":"post_tag","embeddable":true,"href":"https:\/\/www.europesays.com\/fr\/wp-json\/wp\/v2\/tags?post=452764"}],"curies":[{"name":"wp","href":"https:\/\/api.w.org\/{rel}","templated":true}]}}