{"id":452766,"date":"2025-10-10T15:00:13","date_gmt":"2025-10-10T15:00:13","guid":{"rendered":"https:\/\/www.europesays.com\/fr\/452766\/"},"modified":"2025-10-10T15:00:13","modified_gmt":"2025-10-10T15:00:13","slug":"a-peine-entre-en-campagne-karfa-diallo-le-candidat-de-la-diversite-bordelais-se-retire","status":"publish","type":"post","link":"https:\/\/www.europesays.com\/fr\/452766\/","title":{"rendered":"\u00e0 peine entr\u00e9 en campagne, Karfa Diallo, le \u00abcandidat de la diversit\u00e9\u00bb bordelais, se retire"},"content":{"rendered":"<p>\n    Trois semaines apr\u00e8s avoir lanc\u00e9 sa campagne pour les municipales \u00e0 Bordeaux, le conseiller r\u00e9gional EELV a invoqu\u00e9 des raisons personnelles \u00e0 son retrait et une volont\u00e9 de ne pas contribuer \u00ab\u00e0 la division des forces de la gauche \u00e0 l\u2019heure o\u00f9 l\u2019extr\u00eame droite menace gravement notre d\u00e9mocratie\u00bb.<\/p>\n<p class=\"fig-paragraph\">Sa\u00a0<a href=\"http:\/\/www.lefigaro.fr\/bordeaux\/municipales-2026-a-bordeaux-lfi-lance-sa-campagne-apres-le-refus-d-une-alliance-par-pierre-hurmic-20251007\" data-fig-type=\"NewsFlash\" data-gtm-custom-categorie=\"navigation\" data-gtm-custom-action=\"crossclick\" data-gtm-custom-label=\"Contextuel\" data-gtm-event=\"customEventSPE\" data-fig-domain=\"LEFIGARO\" rel=\"nofollow noopener\" target=\"_blank\">campagne<\/a>\u00a0aura dur\u00e9 trois semaines. Le conseiller r\u00e9gional (EELV) et essayiste\u00a0<a href=\"http:\/\/www.lefigaro.fr\/bordeaux\/municipales-2026-a-bordeaux-l-essayiste-et-conseiller-regional-karfa-diallo-se-presente-comme-le-candidat-de-la-diversite-20250922\" data-fig-type=\"NewsFlash\" data-gtm-custom-categorie=\"navigation\" data-gtm-custom-action=\"crossclick\" data-gtm-custom-label=\"Contextuel\" data-gtm-event=\"customEventSPE\" data-fig-domain=\"LEFIGARO\" rel=\"nofollow noopener\" target=\"_blank\">Karfa Diallo<\/a>, qui se pr\u00e9sentait comme le \u00abcandidat de la diversit\u00e9\u00bb pour les\u00a0<a href=\"http:\/\/www.lefigaro.fr\/bordeaux\/je-ne-pouvais-pas-assister-au-naufrage-de-bordeaux-sans-rien-faire-l-economiste-philippe-dessertine-candidat-aux-municipales-20250917\" data-fig-type=\"NewsFlash\" data-gtm-custom-categorie=\"navigation\" data-gtm-custom-action=\"crossclick\" data-gtm-custom-label=\"Contextuel\" data-gtm-event=\"customEventSPE\" data-fig-domain=\"LEFIGARO\" rel=\"nofollow noopener\" target=\"_blank\">\u00e9lections municipales \u00e0 Bordeaux<\/a>, se retire. \u00abCe choix, difficile mais n\u00e9cessaire est m\u00fbrement r\u00e9fl\u00e9chi\u00bb, a r\u00e9agi l\u2019\u00e9lu ce vendredi. Contraint d\u2019abdiquer faute de soutiens financiers suffisants pour mener \u00abune campagne exigeante et fid\u00e8le \u00e0 ses valeurs\u00bb, l\u2019\u00e9lu indique agir pour \u00abpr\u00e9server sa sant\u00e9 et sa famille mises \u00e0 l\u2019\u00e9preuve par l\u2019intensit\u00e9 de son engagement public\u00bb.<\/p>\n<p>Instabilit\u00e9 politique<\/p>\n<p class=\"fig-paragraph\">Dans un communiqu\u00e9 diffus\u00e9 aux r\u00e9dactions, confirmant une information d\u2019abord publi\u00e9e par Sud Ouest, le quinquag\u00e9naire ajoute avoir pris cette d\u00e9cision au regard de l\u2019instabilit\u00e9 politique fran\u00e7aise. \u00ab\u00c0 l\u2019heure o\u00f9 l\u2019extr\u00eame droite menace gravement notre d\u00e9mocratie, je ne souhaite en aucun cas contribuer \u00e0 la division ou \u00e0 la d\u00e9faite de la gauche\u00bb, d\u00e9clare-t-il. Avant de conclure\u00a0: \u00abMon retrait \u00e9lectoral ne signifie pas un retrait de l\u2019action. Je ne renonce ni \u00e0 mes convictions, ni \u00e0 mon identit\u00e9, ni \u00e0 mes valeurs, ni \u00e0 mon action politique et citoyenne qui est anim\u00e9e par la volont\u00e9 de changer la vie des gens et de leur redonner confiance.\u00bb<\/p>\n","protected":false},"excerpt":{"rendered":"Trois semaines apr\u00e8s avoir lanc\u00e9 sa campagne pour les municipales \u00e0 Bordeaux, le conseiller r\u00e9gional EELV a invoqu\u00e9&hellip;\n","protected":false},"author":2,"featured_media":452767,"comment_status":"","ping_status":"","sticky":false,"template":"","format":"standard","meta":{"footnotes":""},"categories":[2817],"tags":[1111,11,1997,1777,674,1011,27,3554,12,2219,25],"class_list":{"0":"post-452766","1":"post","2":"type-post","3":"status-publish","4":"format-standard","5":"has-post-thumbnail","7":"category-bordeaux","8":"tag-actu","9":"tag-actualites","10":"tag-bordeaux","11":"tag-eu","12":"tag-europe","13":"tag-fr","14":"tag-france","15":"tag-municipales","16":"tag-news","17":"tag-nouvelle-aquitaine","18":"tag-republique-francaise"},"share_on_mastodon":{"url":"https:\/\/pubeurope.com\/@fr\/115350472251311891","error":""},"_links":{"self":[{"href":"https:\/\/www.europesays.com\/fr\/wp-json\/wp\/v2\/posts\/452766","targetHints":{"allow":["GET"]}}],"collection":[{"href":"https:\/\/www.europesays.com\/fr\/wp-json\/wp\/v2\/posts"}],"about":[{"href":"https:\/\/www.europesays.com\/fr\/wp-json\/wp\/v2\/types\/post"}],"author":[{"embeddable":true,"href":"https:\/\/www.europesays.com\/fr\/wp-json\/wp\/v2\/users\/2"}],"replies":[{"embeddable":true,"href":"https:\/\/www.europesays.com\/fr\/wp-json\/wp\/v2\/comments?post=452766"}],"version-history":[{"count":0,"href":"https:\/\/www.europesays.com\/fr\/wp-json\/wp\/v2\/posts\/452766\/revisions"}],"wp:featuredmedia":[{"embeddable":true,"href":"https:\/\/www.europesays.com\/fr\/wp-json\/wp\/v2\/media\/452767"}],"wp:attachment":[{"href":"https:\/\/www.europesays.com\/fr\/wp-json\/wp\/v2\/media?parent=452766"}],"wp:term":[{"taxonomy":"category","embeddable":true,"href":"https:\/\/www.europesays.com\/fr\/wp-json\/wp\/v2\/categories?post=452766"},{"taxonomy":"post_tag","embeddable":true,"href":"https:\/\/www.europesays.com\/fr\/wp-json\/wp\/v2\/tags?post=452766"}],"curies":[{"name":"wp","href":"https:\/\/api.w.org\/{rel}","templated":true}]}}