{"id":452768,"date":"2025-10-10T15:01:11","date_gmt":"2025-10-10T15:01:11","guid":{"rendered":"https:\/\/www.europesays.com\/fr\/452768\/"},"modified":"2025-10-10T15:01:11","modified_gmt":"2025-10-10T15:01:11","slug":"batiment-le-comptoir-commercial-du-languedoc-fete-ses-60-ans-en-region-toulousaine-et-traverse-la-crise","status":"publish","type":"post","link":"https:\/\/www.europesays.com\/fr\/452768\/","title":{"rendered":"B\u00e2timent\u00a0: Le comptoir commercial du Languedoc f\u00eate ses 60 ans en r\u00e9gion toulousaine et traverse la crise"},"content":{"rendered":"<p>\n                                                                    l&rsquo;essentiel<br \/>\n                                                                Sp\u00e9cialis\u00e9 dans le n\u00e9goce de construction, CLL soufflera ses 60 ans de pr\u00e9sence en r\u00e9gion toulousaine le 16\u00a0octobre prochain. Malgr\u00e9 la crise, l\u2019entreprise familiale y emploie 200 salari\u00e9s pour un chiffre d\u2019affaires de 60\u00a0M\u20ac.\n                            <\/p>\n<p>L\u2019ancienne quincaillerie familiale, n\u00e9e dans le Tarn \u00e0 la fin du XIXe\u00a0si\u00e8cle, traverse les \u00e9poques et m\u00eame la crise. \u00ab\u00a0Aujourd\u2019hui St\u00e9phane Blanc \u00e0 la t\u00eate du groupe, incarne la 4e g\u00e9n\u00e9ration du groupe, pointe Philippe Baute, directeur de la r\u00e9gion toulousaine chez CCL. Alors l\u2019activit\u00e9 est en berne c\u2019est vrai, et nous traversons la crise comme tout le monde, mais nous nous adaptons \u00ab\u00a0, assure le dirigeant. En r\u00e9gion Toulousaine, CCL compos\u00e9 d\u2019un r\u00e9seau de dix agences emploie 200 salari\u00e9s et a r\u00e9alis\u00e9 un chiffre d\u2019affaires de 60\u00a0M\u20ac en 2024. Le groupe, pr\u00e9sent par ailleurs dans tous les d\u00e9partements d\u2019Occitanie et en Aquitaine (\u00e0 Agen et Pau), emploie 850 salari\u00e9s pour un chiffre d\u2019affaires global de 240\u00a0M\u20ac.<\/p>\n<p>CCL Home\u00a0: des show-room pour les particuliers<\/p>\n<p>En r\u00e9gion toulousaine, l\u2019agence de Colomiers reste le navire amiral, mais un nouveau point de vente a ouvert ses portes dans la zone du Chapitre en janvier dernier\u00a0; et il marque un tournant dans l\u2019activit\u00e9 de CCL. \u00ab\u00a0Nous vendons depuis toujours des mat\u00e9riaux de gros \u0153uvre et second \u0153uvre \u00e0 destination des entreprises et des particuliers, mais nous d\u00e9veloppons depuis mars\u00a02025 le r\u00e9seau CCL Home, pr\u00e9cise Philippe Baute. Il s\u2019agit de show-room avec des r\u00e9f\u00e9rences sp\u00e9cifiques \u00e0 destination des particuliers, des architectes, et surtout un accompagnement sur mesure \u00ab\u00a0. CCL Toulouse, situ\u00e9e zone du Chapitre, et CCL Colomiers proposent d\u00e9j\u00e0 ces services.<\/p>\n<p>Une nouvelle agence \u00e0 Caraman<\/p>\n<p>CCL pr\u00e9voit \u00e9galement, l\u2019ouverture de p\u00f4les peinture et menuiserie, connect\u00e9s \u00e0 ce show-room dans les prochains mois \u00e0 Toulouse et annonce des projets de r\u00e9novation de son agence colum\u00e9rine. \u00ab\u00a0Mais le projet le plus important concerne l\u2019agence de Caraman que nous allons d\u00e9molir pour reconstruire un point de vente derni\u00e8re g\u00e9n\u00e9ration de 2000 m2 \u00ab\u00a0, pr\u00e9cise le dirigeant. En attendant, l\u2019entreprise pr\u00e9voit de f\u00eater ses 60 ans \u00e0 la salle Horizons de Muret le 16\u00a0octobre prochain, en pr\u00e9sence de plusieurs centaines d\u2019invit\u00e9s, repr\u00e9sentants de la fili\u00e8re du b\u00e2timent, clients, fournisseurs, bailleurs et promoteurs.<\/p>\n","protected":false},"excerpt":{"rendered":"l&rsquo;essentiel Sp\u00e9cialis\u00e9 dans le n\u00e9goce de construction, CLL soufflera ses 60 ans de pr\u00e9sence en r\u00e9gion toulousaine le&hellip;\n","protected":false},"author":2,"featured_media":452769,"comment_status":"","ping_status":"","sticky":false,"template":"","format":"standard","meta":{"footnotes":""},"categories":[2816],"tags":[1111,11,1777,674,1011,27,12,2680,25,2312],"class_list":{"0":"post-452768","1":"post","2":"type-post","3":"status-publish","4":"format-standard","5":"has-post-thumbnail","7":"category-toulouse","8":"tag-actu","9":"tag-actualites","10":"tag-eu","11":"tag-europe","12":"tag-fr","13":"tag-france","14":"tag-news","15":"tag-occitanie","16":"tag-republique-francaise","17":"tag-toulouse"},"share_on_mastodon":{"url":"https:\/\/pubeurope.com\/@fr\/115350476264032464","error":""},"_links":{"self":[{"href":"https:\/\/www.europesays.com\/fr\/wp-json\/wp\/v2\/posts\/452768","targetHints":{"allow":["GET"]}}],"collection":[{"href":"https:\/\/www.europesays.com\/fr\/wp-json\/wp\/v2\/posts"}],"about":[{"href":"https:\/\/www.europesays.com\/fr\/wp-json\/wp\/v2\/types\/post"}],"author":[{"embeddable":true,"href":"https:\/\/www.europesays.com\/fr\/wp-json\/wp\/v2\/users\/2"}],"replies":[{"embeddable":true,"href":"https:\/\/www.europesays.com\/fr\/wp-json\/wp\/v2\/comments?post=452768"}],"version-history":[{"count":0,"href":"https:\/\/www.europesays.com\/fr\/wp-json\/wp\/v2\/posts\/452768\/revisions"}],"wp:featuredmedia":[{"embeddable":true,"href":"https:\/\/www.europesays.com\/fr\/wp-json\/wp\/v2\/media\/452769"}],"wp:attachment":[{"href":"https:\/\/www.europesays.com\/fr\/wp-json\/wp\/v2\/media?parent=452768"}],"wp:term":[{"taxonomy":"category","embeddable":true,"href":"https:\/\/www.europesays.com\/fr\/wp-json\/wp\/v2\/categories?post=452768"},{"taxonomy":"post_tag","embeddable":true,"href":"https:\/\/www.europesays.com\/fr\/wp-json\/wp\/v2\/tags?post=452768"}],"curies":[{"name":"wp","href":"https:\/\/api.w.org\/{rel}","templated":true}]}}