{"id":452770,"date":"2025-10-10T15:02:15","date_gmt":"2025-10-10T15:02:15","guid":{"rendered":"https:\/\/www.europesays.com\/fr\/452770\/"},"modified":"2025-10-10T15:02:15","modified_gmt":"2025-10-10T15:02:15","slug":"14-ans-de-prison-pour-le-cerveau-du-reseau-qui-operait-depuis-sa-cellule-de-prison","status":"publish","type":"post","link":"https:\/\/www.europesays.com\/fr\/452770\/","title":{"rendered":"14 ans de prison pour le cerveau du r\u00e9seau qui op\u00e9rait depuis sa cellule de prison"},"content":{"rendered":"<p>Treize des quatorze membres du r\u00e9seau de prox\u00e9n\u00e9tisme sur mineures qui comparaissent depuis ce lundi 6 octobre, au tribunal correctionnel de Toulouse, ont \u00e9t\u00e9 condamn\u00e9s \u00e0 des peines allant de deux \u00e0 six ans de prison. Le cerveau de l&rsquo;affaire a \u00e9cop\u00e9 de 14 ans de prison.<\/p>\n<p>Le tribunal correctionnel de Toulouse a condamn\u00e9, ce vendredi 10 octobre, 13 membres d&rsquo;un <a href=\"https:\/\/www.bfmtv.com\/herault\/je-ne-voyais-que-l-argent-un-des-14-jeunes-accuses-de-proxenetisme-sur-mineures-s-est-dit-conscient-que-cela-aurait-pu-etre-sa-soeur_AD-202510070364.html\" title=\"&quot;Je ne voyais que l&#039;argent&quot;: un des 14 jeunes accus\u00e9s de prox\u00e9n\u00e9tisme sur mineures s&#039;est dit &quot;conscient que cela aurait pu \u00eatre sa soeur&quot;\" class=\"internal_link\" rel=\"nofollow noopener\" target=\"_blank\">r\u00e9seau de prostitution<\/a> exploitant des adolescentes. Le <a href=\"https:\/\/www.bfmtv.com\/haute-garonne\/affaire-de-proxenetisme-sur-mineures-le-cerveau-gerait-le-reseau-depuis-la-prison-de-beziers_AD-202510080604.html\" title=\"Affaire de prox\u00e9n\u00e9tisme sur mineures: le &quot;cerveau&quot; g\u00e9rait le r\u00e9seau depuis la prison de B\u00e9ziers\" class=\"internal_link\" rel=\"nofollow noopener\" target=\"_blank\">cerveau de l&rsquo;affaire<\/a>, qui se fait appeler \u00ab\u00a0Mowgli\u00a0\u00bb, a \u00e9t\u00e9 condamn\u00e9 \u00e0 une peine de 14 ans de prison.<\/p>\n<p>Les douze autres membres du r\u00e9seau, \u00e2g\u00e9s d&rsquo;une vingtaine d&rsquo;ann\u00e9es, ont \u00e9t\u00e9 condamn\u00e9s \u00e0 des peines allant de deux \u00e0 six ans d&#8217;emprisonnement, en fonction de leur degr\u00e9 d&rsquo;implication\u00a0dans le r\u00e9seau qui prostituait des mineures de 14 \u00e0 16 ans, plac\u00e9es ou suivies par l&rsquo;Aide sociale \u00e0 l&rsquo;enfance (ASE). L&rsquo;un des quatorze pr\u00e9venus a \u00e9t\u00e9 relax\u00e9.<\/p>\n<p>Le principal pr\u00e9venu avait d\u00e9j\u00e0 \u00e9t\u00e9 condamn\u00e9 dans une autre affaire \u00e0 25 ans de r\u00e9clusion criminelle pour des faits d&rsquo;enl\u00e8vement et s\u00e9questration suivis de mort.<\/p>\n<p>Un enrichissement d&rsquo;au moins 100.000 euros<\/p>\n<p>Le procureur avait requis vingt ans contre lui, maximum de la peine encourue devant un tribunal correctionnel en \u00e9tat de r\u00e9cidive, contre Olivier Habchi Hamadouche, 29 ans, qui op\u00e9rait depuis sa cellule de prison \u00e0 <a href=\"https:\/\/www.bfmtv.com\/haute-garonne\/affaire-de-proxenetisme-sur-mineures-le-cerveau-gerait-le-reseau-depuis-la-prison-de-beziers_AD-202510080604.html\" title=\"Affaire de prox\u00e9n\u00e9tisme sur mineures: le &quot;cerveau&quot; g\u00e9rait le r\u00e9seau depuis la prison de B\u00e9ziers\" class=\"internal_link\" rel=\"nofollow noopener\" target=\"_blank\">B\u00e9ziers<\/a>, dans l&rsquo;H\u00e9rault.<\/p>\n<blockquote class=\"embed embed_quote\"><p>\u00ab\u00a0Mettez-moi une peine, je la m\u00e9rite. Mais je ne m\u00e9rite pas vingt ans\u00a0\u00bb, avait-il lanc\u00e9 plus t\u00f4t vendredi depuis le box des pr\u00e9venus, lors de sa derni\u00e8re prise de parole devant le tribunal.<\/p><\/blockquote>\n<p>Il se serait enrichi d&rsquo;au moins 100.000 euros de juillet 2023 \u00e0 janvier 2024, p\u00e9riode retenue par le tribunal, selon les estimations des enqu\u00eateurs.<\/p>\n<p><img decoding=\"async\" src=\"https:\/\/www.europesays.com\/fr\/wp-content\/uploads\/2025\/10\/principale-44_2.jpg\"  alt=\"RMC : 14\/05 - Un nouveau r\u00e9seau de prox\u00e9netisme a \u00e9t\u00e9 d\u00e9mantel\u00e9 \u00e0 Lille - Bourdin Direct - 7h-8h\" title=\"RMC : 14\/05 - Un nouveau r\u00e9seau de prox\u00e9netisme a \u00e9t\u00e9 d\u00e9mantel\u00e9 \u00e0 Lille - Bourdin Direct - 7h-8h\"\/>RMC : 14\/05 &#8211; Un nouveau r\u00e9seau de prox\u00e9netisme a \u00e9t\u00e9 d\u00e9mantel\u00e9 \u00e0 Lille &#8211; Bourdin Direct &#8211; 7h-8h\u00a0\u00bbLe statut de victime reconnu\u00a0\u00bb<\/p>\n<p>\u00ab\u00a0La responsabilit\u00e9 des uns et des autres a \u00e9t\u00e9 reconnue. C&rsquo;est une d\u00e9cision un peu du milieu. Car on aurait envie de dire que pour des faits aussi graves, aucune peine n&rsquo;est suffisante\u00a0\u00bb, a estim\u00e9 Jonathan Bomstain, avocat d&rsquo;une partie civile.<\/p>\n<blockquote class=\"embed embed_quote\"><p>\u00ab\u00a0Mais le principal pour ma cliente \u00e9tait que le statut de victime soit reconnu\u00a0\u00bb, a-t-il ajout\u00e9.<\/p><\/blockquote>\n<p>\u00ab\u00a0Ces jeunes filles n&rsquo;ont jamais perdu leur dignit\u00e9. On a fini la premi\u00e8re \u00e9tape. On arrive au bout. Elles sont reconnues victimes et c&rsquo;\u00e9tait tr\u00e8s important qu&rsquo;elles le soient, pour qu&rsquo;elles puissent ensuite le comprendre\u00a0\u00bb, a pour sa part d\u00e9clar\u00e9 Tabatha Merlateau, autre avocate d&rsquo;une victime.<\/p>\n","protected":false},"excerpt":{"rendered":"Treize des quatorze membres du r\u00e9seau de prox\u00e9n\u00e9tisme sur mineures qui comparaissent depuis ce lundi 6 octobre, au&hellip;\n","protected":false},"author":2,"featured_media":18461,"comment_status":"","ping_status":"","sticky":false,"template":"","format":"standard","meta":{"footnotes":""},"categories":[2816],"tags":[1111,11,1777,674,1011,27,12,2680,25,2312],"class_list":{"0":"post-452770","1":"post","2":"type-post","3":"status-publish","4":"format-standard","5":"has-post-thumbnail","7":"category-toulouse","8":"tag-actu","9":"tag-actualites","10":"tag-eu","11":"tag-europe","12":"tag-fr","13":"tag-france","14":"tag-news","15":"tag-occitanie","16":"tag-republique-francaise","17":"tag-toulouse"},"share_on_mastodon":{"url":"https:\/\/pubeurope.com\/@fr\/115350480745036565","error":""},"_links":{"self":[{"href":"https:\/\/www.europesays.com\/fr\/wp-json\/wp\/v2\/posts\/452770","targetHints":{"allow":["GET"]}}],"collection":[{"href":"https:\/\/www.europesays.com\/fr\/wp-json\/wp\/v2\/posts"}],"about":[{"href":"https:\/\/www.europesays.com\/fr\/wp-json\/wp\/v2\/types\/post"}],"author":[{"embeddable":true,"href":"https:\/\/www.europesays.com\/fr\/wp-json\/wp\/v2\/users\/2"}],"replies":[{"embeddable":true,"href":"https:\/\/www.europesays.com\/fr\/wp-json\/wp\/v2\/comments?post=452770"}],"version-history":[{"count":0,"href":"https:\/\/www.europesays.com\/fr\/wp-json\/wp\/v2\/posts\/452770\/revisions"}],"wp:featuredmedia":[{"embeddable":true,"href":"https:\/\/www.europesays.com\/fr\/wp-json\/wp\/v2\/media\/18461"}],"wp:attachment":[{"href":"https:\/\/www.europesays.com\/fr\/wp-json\/wp\/v2\/media?parent=452770"}],"wp:term":[{"taxonomy":"category","embeddable":true,"href":"https:\/\/www.europesays.com\/fr\/wp-json\/wp\/v2\/categories?post=452770"},{"taxonomy":"post_tag","embeddable":true,"href":"https:\/\/www.europesays.com\/fr\/wp-json\/wp\/v2\/tags?post=452770"}],"curies":[{"name":"wp","href":"https:\/\/api.w.org\/{rel}","templated":true}]}}