{"id":452773,"date":"2025-10-10T15:04:18","date_gmt":"2025-10-10T15:04:18","guid":{"rendered":"https:\/\/www.europesays.com\/fr\/452773\/"},"modified":"2025-10-10T15:04:18","modified_gmt":"2025-10-10T15:04:18","slug":"comment-centrale-lille-institut-revolutionne-lingenierie","status":"publish","type":"post","link":"https:\/\/www.europesays.com\/fr\/452773\/","title":{"rendered":"comment Centrale Lille Institut r\u00e9volutionne l&rsquo;ing\u00e9nierie"},"content":{"rendered":"<p>Une volont\u00e9 de renforcer l\u2019excellence de l\u2019institut<\/p>\n<p>Centrale Lille Institut veut renforcer l\u2019<strong>adossement de la formation et de la recherche<\/strong> afin de former des ing\u00e9nieurs polyvalents avec une <strong>expertise scientifique \u00e0 360 degr\u00e9s<\/strong>. Une collaboration avec l\u2019\u00c9cole nationale de chimie de Lille est au c\u0153ur du projet, marquant la volont\u00e9 d\u2019un haut niveau de sp\u00e9cialisation. <\/p>\n<p>L\u2019<strong>hybridation des comp\u00e9tences<\/strong> est \u00e9galement mise en avant dans ce programme, une fa\u00e7on de cr\u00e9er des formations\u202f\u00ab\u202fsur-mesure\u202f\u00bb en fonction des pr\u00e9f\u00e9rences et des capacit\u00e9s de chacun. Le but est de d\u00e9velopper une pluridisciplinarit\u00e9 des formations pour former tout type d\u2019ing\u00e9nieur. <\/p>\n<p>IMPACT 2035 intervient aussi dans un but d\u2019<strong>agrandissement des effectifs et du budget de l\u2019\u00e9cole.<\/strong> Avec actuellement 2200 \u00e9l\u00e8ves, Centrale Lille Institut vise 3000 \u00e9tudiants en 2035. C\u00f4t\u00e9, financier, il esp\u00e8re cr\u00e9er des ressources propres p\u00e9rennes en collaborant avec des entreprises dans la dur\u00e9e et en augmentant son budget de 50%. <\/p>\n<p>L\u2019accompagnement des \u00e9l\u00e8ves dans leurs exp\u00e9riences professionnelles <\/p>\n<p>Avec les transformations industrielles actuelles, les entreprises ont besoin d\u2019ing\u00e9nieurs qui puissent accompagner ce mouvement. C\u2019est pourquoi \u00e0 Centrale Lille Institut, il est pr\u00e9vu de former les \u00e9tudiants en les associant \u00e0 des chantiers de transformation tout en les encadrant. L\u2019institut fonctionne avec une<strong> p\u00e9dagogie par projet<\/strong>\u00a0: dans le cadre de leurs enseignements, les \u00e9tudiants sont amen\u00e9s \u00e0 collaborer avec des entreprises tout en \u00e9tant accompagn\u00e9 par le personnel acad\u00e9mique.<\/p>\n<p>Un projet de rayonnement international<\/p>\n<p>IMPACT 2035 promet une <strong>ouverture internationale accrue<\/strong> afin de renforcer sa pr\u00e9sence dans le monde. Toujours dans une dynamique d\u2019hybridation de la formation, Centrale Lille Institut envisage de collaborer avec des universit\u00e9s \u00e9trang\u00e8res afin de cr\u00e9er des dipl\u00f4mes conjoints. Si aujourd\u2019hui, les \u00e9tudiants \u00e9trangers repr\u00e9sentent 16% des effectifs, l\u2019objectif est d\u2019atteindre les<strong> 33% en 2035<\/strong>. Pour arriver \u00e0 ce r\u00e9sultat, des partenariats sont donc pr\u00e9vus, ainsi qu\u2019un programme enti\u00e8rement dispens\u00e9 en anglais. <\/p>\n<p>La mise en avant de la diversit\u00e9 <\/p>\n<p>Centrale Lille Institut veut <strong>renforcer la diversit\u00e9<\/strong> chez ses \u00e9tudiants et vise \u00e0 <strong>augmenter la parit\u00e9<\/strong> dans ses effectifs. Avec actuellement 30% de filles, la question de la <a href=\"https:\/\/www.bing.com\/ck\/a?!&amp;&amp;p=6ccec3b3dc59e93a1c8efb9ca9c284f6343eda15f9a0c9811795aa368afdb99cJmltdHM9MTc2MDA1NDQwMA&amp;ptn=3&amp;ver=2&amp;hsh=4&amp;fclid=1001b51a-0e2e-6466-0449-a34e0ff365ed&amp;psq=studyrama+%3a+femme+ing%c3%a9nieure+&amp;u=a1aHR0cHM6Ly93d3cuc3R1ZHlyYW1hLmNvbS9ndWlkZXMtb3JpZW50YXRpb24vZ3VpZGUtaW5nZW5pZXVyZS1mZW1pbmlu\" rel=\"nofollow noopener\" target=\"_blank\">f\u00e9minisation<\/a> est au c\u0153ur des pr\u00e9occupations de l&rsquo;institut. Des moyens sont donc d\u00e9ploy\u00e9s pour mettre en valeur les formations aupr\u00e8s des filles et ce, d\u00e8s le lyc\u00e9e. D\u2019ici 2035, l\u2019objectif est d\u2019atteindre un taux de 40% d\u2019\u00e9tudiantes.<\/p>\n<p>Toujours dans cette dynamique de diversit\u00e9, une <strong>bourse pour les \u00e9l\u00e8ves dans le besoin <\/strong>est mise en place. Centrale Lille Institut pr\u00e9voit donc 56 000 euros de bourse pour ses effectifs, afin d\u2019aider les \u00e9tudiants \u00e0 payer leurs frais de scolarit\u00e9 ou \u00e0 financer d\u2019\u00e9ventuels \u00e9changes \u00e0 l\u2019international. <\/p>\n<p>Avec IMPACT 2035, Centrale Lille Institut affirme sa volont\u00e9 de<strong> former des ing\u00e9nieurs polyvalents<\/strong>, ouverts sur le monde et capables de relever les d\u00e9fis industriels et environnementaux de demain. Ce projet strat\u00e9gique allie excellence acad\u00e9mique, internationalisation et engagement soci\u00e9tal, pour pr\u00e9parer pleinement les \u00e9tudiants \u00e0 construire leur avenir.<\/p>\n<blockquote class=\"twitter-tweet\">\n<p lang=\"fr\" dir=\"ltr\">\ud83d\udcda IMPACT 2035 : <a href=\"https:\/\/twitter.com\/CentraleLille?ref_src=twsrc%5Etfw\" rel=\"nofollow noopener\" target=\"_blank\">@CentraleLille<\/a> r\u00e9volutionne l&rsquo;ing\u00e9nierie. Plus de d\u00e9tails ici \ud83d\udc49 <a href=\"https:\/\/t.co\/q7YHcJ3wCW\" rel=\"nofollow\">https:\/\/t.co\/q7YHcJ3wCW<\/a> <a href=\"https:\/\/t.co\/CtjSxj2Wom\" rel=\"nofollow\">pic.twitter.com\/CtjSxj2Wom<\/a><\/p>\n<p>\u2014 Studyrama G Ecoles (@s_grandesecoles) <a href=\"https:\/\/twitter.com\/s_grandesecoles\/status\/1976651955234812122?ref_src=twsrc%5Etfw\" rel=\"nofollow noopener\" target=\"_blank\">October 10, 2025<\/a><\/p><\/blockquote>\n<p><script async src=\"https:\/\/platform.twitter.com\/widgets.js\" charset=\"utf-8\"><\/script><\/p>\n","protected":false},"excerpt":{"rendered":"Une volont\u00e9 de renforcer l\u2019excellence de l\u2019institut Centrale Lille Institut veut renforcer l\u2019adossement de la formation et de&hellip;\n","protected":false},"author":2,"featured_media":452774,"comment_status":"","ping_status":"","sticky":false,"template":"","format":"standard","meta":{"footnotes":""},"categories":[2815],"tags":[1111,11,1777,674,1011,27,811,1307,12,25],"class_list":{"0":"post-452773","1":"post","2":"type-post","3":"status-publish","4":"format-standard","5":"has-post-thumbnail","7":"category-lille","8":"tag-actu","9":"tag-actualites","10":"tag-eu","11":"tag-europe","12":"tag-fr","13":"tag-france","14":"tag-hauts-de-france","15":"tag-lille","16":"tag-news","17":"tag-republique-francaise"},"share_on_mastodon":{"url":"https:\/\/pubeurope.com\/@fr\/115350488115533632","error":""},"_links":{"self":[{"href":"https:\/\/www.europesays.com\/fr\/wp-json\/wp\/v2\/posts\/452773","targetHints":{"allow":["GET"]}}],"collection":[{"href":"https:\/\/www.europesays.com\/fr\/wp-json\/wp\/v2\/posts"}],"about":[{"href":"https:\/\/www.europesays.com\/fr\/wp-json\/wp\/v2\/types\/post"}],"author":[{"embeddable":true,"href":"https:\/\/www.europesays.com\/fr\/wp-json\/wp\/v2\/users\/2"}],"replies":[{"embeddable":true,"href":"https:\/\/www.europesays.com\/fr\/wp-json\/wp\/v2\/comments?post=452773"}],"version-history":[{"count":0,"href":"https:\/\/www.europesays.com\/fr\/wp-json\/wp\/v2\/posts\/452773\/revisions"}],"wp:featuredmedia":[{"embeddable":true,"href":"https:\/\/www.europesays.com\/fr\/wp-json\/wp\/v2\/media\/452774"}],"wp:attachment":[{"href":"https:\/\/www.europesays.com\/fr\/wp-json\/wp\/v2\/media?parent=452773"}],"wp:term":[{"taxonomy":"category","embeddable":true,"href":"https:\/\/www.europesays.com\/fr\/wp-json\/wp\/v2\/categories?post=452773"},{"taxonomy":"post_tag","embeddable":true,"href":"https:\/\/www.europesays.com\/fr\/wp-json\/wp\/v2\/tags?post=452773"}],"curies":[{"name":"wp","href":"https:\/\/api.w.org\/{rel}","templated":true}]}}