{"id":452775,"date":"2025-10-10T15:05:16","date_gmt":"2025-10-10T15:05:16","guid":{"rendered":"https:\/\/www.europesays.com\/fr\/452775\/"},"modified":"2025-10-10T15:05:16","modified_gmt":"2025-10-10T15:05:16","slug":"ce-superbe-chateau-provencal-a-2h-de-marseille-elu-meilleur-hotel-de-france","status":"publish","type":"post","link":"https:\/\/www.europesays.com\/fr\/452775\/","title":{"rendered":"Ce superbe ch\u00e2teau proven\u00e7al \u00e0 2h de Marseille \u00e9lu meilleur h\u00f4tel de France"},"content":{"rendered":"<p>Un havre de paix au c\u0153ur de la Provence<\/p>\n<p data-start=\"361\" data-end=\"904\">Imaginez <strong>un domaine de 500 hectares <\/strong>o\u00f9 les cigales chantent, les vignes s\u2019\u00e9tendent \u00e0 perte de vue et le soleil dore les pierres blondes du ch\u00e2teau. <strong>Le Ch\u00e2teau de Berne<\/strong>, membre de Relais &amp; Ch\u00e2teaux, incarne \u00e0 lui seul l\u2019art de vivre proven\u00e7al. Avec ses <strong>34 chambres et suites \u00e9l\u00e9gantes, ses 7 villas priv\u00e9es, deux piscines ext\u00e9rieures et un spa Cinq Mondes &amp; Vin\u00e9sime<\/strong>, le lieu invite \u00e0 la d\u00e9tente la plus totale. Yoga entre les vignes, balades \u00e0 v\u00e9lo, d\u00e9gustations de vins bio\u2026 ici, on se reconnecte \u00e0 l\u2019essentiel sans jamais renoncer au luxe.<\/p>\n<p><img loading=\"lazy\" decoding=\"async\" src=\"https:\/\/www.europesays.com\/fr\/wp-content\/uploads\/2025\/10\/chateau-de-berne-2.jpg\" width=\"2560\" height=\"1707\" alt=\"\"\/>\u00a9 Ch\u00e2teau de Berne<br \/>\nDu vin, du go\u00fbt et du style<\/p>\n<p data-start=\"939\" data-end=\"1552\"><strong>Le Ch\u00e2teau de Berne<\/strong>, c\u2019est aussi une histoire de passion et de terroir. <strong>Sur 150 hectares de vignes cultiv\u00e9es en agriculture biologique<\/strong>, les \u00e9quipes du domaine \u2014 men\u00e9es par l\u2019\u0153nologue Alexis Cornu \u2014 signent des vins \u00e9l\u00e9gants et expressifs. Trois couleurs, une m\u00eame philosophie\u00a0: sublimer la Provence. C\u00f4t\u00e9 assiette, <strong>le restaurant Le Jardin de Berne<\/strong>, <strong>\u00e9toil\u00e9 au Michelin et distingu\u00e9 d\u2019une \u00e9toile verte<\/strong>, met \u00e0 l\u2019honneur les produits du potager et les saveurs locales sous la houlette du chef Louis Rameau et du chef p\u00e2tissier \u00c9ric Raynal. Une exp\u00e9rience culinaire \u00e0 la crois\u00e9e du raffinement et de la g\u00e9n\u00e9rosit\u00e9.<\/p>\n<blockquote class=\"instagram-media\" data-instgrm-permalink=\"https:\/\/www.instagram.com\/p\/DKJkp2apiwz\/?utm_source=ig_embed&amp;utm_campaign=loading\" data-instgrm-version=\"14\" style=\"background: #FFF; border: 0; border-radius: 3px; box-shadow: 0 0 1px 0 rgba(0,0,0,0.5),0 1px 10px 0 rgba(0,0,0,0.15); margin: 1px; max-width: 540px; min-width: 326px; padding: 0; width: calc(100% - 2px);\">\n<\/blockquote>\n<p>L\u2019excellence fran\u00e7aise r\u00e9compens\u00e9e<\/p>\n<p data-start=\"1594\" data-end=\"2112\"><strong>\u00c9lu Meilleur H\u00f4tel de France et 20\u1d49 meilleur h\u00f4tel au monde<\/strong> par les lecteurs du prestigieux <strong>Cond\u00e9 Nast Traveler<\/strong>, le Ch\u00e2teau de Berne rejoint le cercle tr\u00e8s ferm\u00e9 des adresses d\u2019exception. Un honneur d\u2019autant plus symbolique que <strong>ce classement repose sur le vote de plus de 750 000 voyageurs<\/strong>. Une belle reconnaissance pour ce domaine qui fait rimer hospitalit\u00e9, \u00e9l\u00e9gance et durabilit\u00e9 \u2014 le tout dans un cadre 100 % bee friendly. En somme, une ode \u00e0 la Provence, \u00e0 ses saveurs, \u00e0 sa lumi\u00e8re et \u00e0 son authenticit\u00e9.<\/p>\n<blockquote class=\"instagram-media\" data-instgrm-permalink=\"https:\/\/www.instagram.com\/p\/DHjP0ytP9bI\/?utm_source=ig_embed&amp;utm_campaign=loading\" data-instgrm-version=\"14\" style=\"background: #FFF; border: 0; border-radius: 3px; box-shadow: 0 0 1px 0 rgba(0,0,0,0.5),0 1px 10px 0 rgba(0,0,0,0.15); margin: 1px; max-width: 540px; min-width: 326px; padding: 0; width: calc(100% - 2px);\">\n<\/blockquote>\n<p>Chateau de Berne Hotel Spa Cellars<\/p>\n<li class=\"address info\">chemin des Imberts Flayosc<\/li>\n<p>    <script async src=\"\/\/www.instagram.com\/embed.js\"><\/script><\/p>\n","protected":false},"excerpt":{"rendered":"Un havre de paix au c\u0153ur de la Provence Imaginez un domaine de 500 hectares o\u00f9 les cigales&hellip;\n","protected":false},"author":2,"featured_media":452776,"comment_status":"","ping_status":"","sticky":false,"template":"","format":"standard","meta":{"footnotes":""},"categories":[2814],"tags":[1111,11,1777,674,1011,27,884,12,882,25],"class_list":{"0":"post-452775","1":"post","2":"type-post","3":"status-publish","4":"format-standard","5":"has-post-thumbnail","7":"category-marseille","8":"tag-actu","9":"tag-actualites","10":"tag-eu","11":"tag-europe","12":"tag-fr","13":"tag-france","14":"tag-marseille","15":"tag-news","16":"tag-provence-alpes-cote-dazur","17":"tag-republique-francaise"},"share_on_mastodon":{"url":"https:\/\/pubeurope.com\/@fr\/115350492509445488","error":""},"_links":{"self":[{"href":"https:\/\/www.europesays.com\/fr\/wp-json\/wp\/v2\/posts\/452775","targetHints":{"allow":["GET"]}}],"collection":[{"href":"https:\/\/www.europesays.com\/fr\/wp-json\/wp\/v2\/posts"}],"about":[{"href":"https:\/\/www.europesays.com\/fr\/wp-json\/wp\/v2\/types\/post"}],"author":[{"embeddable":true,"href":"https:\/\/www.europesays.com\/fr\/wp-json\/wp\/v2\/users\/2"}],"replies":[{"embeddable":true,"href":"https:\/\/www.europesays.com\/fr\/wp-json\/wp\/v2\/comments?post=452775"}],"version-history":[{"count":0,"href":"https:\/\/www.europesays.com\/fr\/wp-json\/wp\/v2\/posts\/452775\/revisions"}],"wp:featuredmedia":[{"embeddable":true,"href":"https:\/\/www.europesays.com\/fr\/wp-json\/wp\/v2\/media\/452776"}],"wp:attachment":[{"href":"https:\/\/www.europesays.com\/fr\/wp-json\/wp\/v2\/media?parent=452775"}],"wp:term":[{"taxonomy":"category","embeddable":true,"href":"https:\/\/www.europesays.com\/fr\/wp-json\/wp\/v2\/categories?post=452775"},{"taxonomy":"post_tag","embeddable":true,"href":"https:\/\/www.europesays.com\/fr\/wp-json\/wp\/v2\/tags?post=452775"}],"curies":[{"name":"wp","href":"https:\/\/api.w.org\/{rel}","templated":true}]}}