{"id":452777,"date":"2025-10-10T15:06:18","date_gmt":"2025-10-10T15:06:18","guid":{"rendered":"https:\/\/www.europesays.com\/fr\/452777\/"},"modified":"2025-10-10T15:06:18","modified_gmt":"2025-10-10T15:06:18","slug":"deux-hopitaux-marseillais-dans-le-palmares-mondial-des-meilleurs-hopitaux","status":"publish","type":"post","link":"https:\/\/www.europesays.com\/fr\/452777\/","title":{"rendered":"Deux h\u00f4pitaux marseillais dans le palmar\u00e8s mondial des meilleurs h\u00f4pitaux"},"content":{"rendered":"<p><img loading=\"lazy\" decoding=\"async\" alt=\"\u00a9 Shutterstock - L'H\u00f4pital Nord se classe 140e mondial et 9e en France.\" data-zoom-src=\"https:\/\/www.europesays.com\/fr\/wp-content\/uploads\/2025\/10\/initial-hopital-nord-marseille.jpg\" data-zoomable=\"\" height=\"702\" src=\"https:\/\/www.europesays.com\/fr\/wp-content\/uploads\/2025\/10\/initial-hopital-nord-marseille.jpg\" width=\"1248\"\/>  <\/p>\n<p class=\"article-desc\">\u00a9 Shutterstock &#8211; L&rsquo;H\u00f4pital Nord se classe 140e mondial et 9e en France. <\/p>\n<p>Le classement international Newsweek &#8211; Statista des 250 meilleurs h\u00f4pitaux au monde pour 2025 place deux structures phares de l\u2019Assistance Publique \u2013 <strong>H\u00f4pitaux de Marseille <a href=\"https:\/\/mesinfos.fr\/13000-marseille\/marseille-l-ap-hm-poursuit-les-travaux-de-modernisation-malgre-sa-dette-193246.html\" rel=\"noopener nofollow\" target=\"_blank\">(AP-HM) <\/a>\u00e0 l\u2019honneur : La Timone et l\u2019H\u00f4pital Nord.<\/strong> <\/p>\n<p> Classement 2025 : La Timone et l\u2019H\u00f4pital Nord \u00e0 l\u2019honneur <\/p>\n<p>Le palmar\u00e8s mondial 2025, publi\u00e9 par Newsweek et l\u2019organisme Statista, analyse et compare plus de 2200 h\u00f4pitaux dans le monde, selon des crit\u00e8res rigoureux :\u00a0 <\/p>\n<ul>\n<li>recommandation des pairs\u00a0 <\/li>\n<li>exp\u00e9rience patient\u00a0 <\/li>\n<li>indicateurs de performance m\u00e9dicale.\u00a0<\/li>\n<\/ul>\n<p>Dans cette \u00e9dition, La <strong>Timone se hisse \u00e0 la 90e place mondiale et au 6e rang national,<\/strong> tandis que l\u2019<strong>H\u00f4pital Nord se classe 140e mondial et 9e en France,<\/strong> sur plus de 146 \u00e9tablissements fran\u00e7ais \u00e9valu\u00e9s.<\/p>\n<p> Palmar\u00e8s Newsweek et Statista : quelle m\u00e9thodologie ? <\/p>\n<p>Newsweek s\u2019appuie sur Statista pour attribuer \u00e0 chaque h\u00f4pital des scores pond\u00e9r\u00e9s prenant en compte le retour des <strong>professionnels sant\u00e9, crit\u00e8res m\u00e9dicaux, et la satisfaction des patients<\/strong>.<\/p>\n<p>Les r\u00e9sultats sont bas\u00e9s sur plus de <strong>80 000 recommandations,<\/strong> des enqu\u00eates d\u2019exp\u00e9rience patient et des donn\u00e9es m\u00e9dicales publiques. Ce classement international s\u2019impose chaque ann\u00e9e comme une r\u00e9f\u00e9rence pour mesurer la <strong>qualit\u00e9 hospitali\u00e8re dans 30 pays<\/strong>. <\/p>\n<p> Marseille dans le top fran\u00e7ais et mondial des h\u00f4pitaux <\/p>\n<p><strong>La Timone et l\u2019H\u00f4pital Nord rejoignent un cercle restreint d\u2019\u00e9tablissements fran\u00e7ais pr\u00e9sents au classement 2025<\/strong> dont la Piti\u00e9-Salp\u00eatri\u00e8re, Georges-Pompidou, les CHU de Lille, Bordeaux, Toulouse ou Lyon. <\/p>\n<p>Pour Marseille, cette reconnaissance favorise l\u2019attractivit\u00e9 du syst\u00e8me hospitalier r\u00e9gional pour la recherche et les investissements futurs.\u00a0<\/p>\n","protected":false},"excerpt":{"rendered":"\u00a9 Shutterstock &#8211; L&rsquo;H\u00f4pital Nord se classe 140e mondial et 9e en France. Le classement international Newsweek &#8211;&hellip;\n","protected":false},"author":2,"featured_media":452778,"comment_status":"","ping_status":"","sticky":false,"template":"","format":"standard","meta":{"footnotes":""},"categories":[2814],"tags":[1111,11,1777,674,1011,27,57843,57842,884,12,882,25],"class_list":{"0":"post-452777","1":"post","2":"type-post","3":"status-publish","4":"format-standard","5":"has-post-thumbnail","7":"category-marseille","8":"tag-actu","9":"tag-actualites","10":"tag-eu","11":"tag-europe","12":"tag-fr","13":"tag-france","14":"tag-hu00f4pital-la-timone","15":"tag-hu00f4pital-nord","16":"tag-marseille","17":"tag-news","18":"tag-provence-alpes-cote-dazur","19":"tag-republique-francaise"},"share_on_mastodon":{"url":"https:\/\/pubeurope.com\/@fr\/115350496671019704","error":""},"_links":{"self":[{"href":"https:\/\/www.europesays.com\/fr\/wp-json\/wp\/v2\/posts\/452777","targetHints":{"allow":["GET"]}}],"collection":[{"href":"https:\/\/www.europesays.com\/fr\/wp-json\/wp\/v2\/posts"}],"about":[{"href":"https:\/\/www.europesays.com\/fr\/wp-json\/wp\/v2\/types\/post"}],"author":[{"embeddable":true,"href":"https:\/\/www.europesays.com\/fr\/wp-json\/wp\/v2\/users\/2"}],"replies":[{"embeddable":true,"href":"https:\/\/www.europesays.com\/fr\/wp-json\/wp\/v2\/comments?post=452777"}],"version-history":[{"count":0,"href":"https:\/\/www.europesays.com\/fr\/wp-json\/wp\/v2\/posts\/452777\/revisions"}],"wp:featuredmedia":[{"embeddable":true,"href":"https:\/\/www.europesays.com\/fr\/wp-json\/wp\/v2\/media\/452778"}],"wp:attachment":[{"href":"https:\/\/www.europesays.com\/fr\/wp-json\/wp\/v2\/media?parent=452777"}],"wp:term":[{"taxonomy":"category","embeddable":true,"href":"https:\/\/www.europesays.com\/fr\/wp-json\/wp\/v2\/categories?post=452777"},{"taxonomy":"post_tag","embeddable":true,"href":"https:\/\/www.europesays.com\/fr\/wp-json\/wp\/v2\/tags?post=452777"}],"curies":[{"name":"wp","href":"https:\/\/api.w.org\/{rel}","templated":true}]}}