{"id":452779,"date":"2025-10-10T15:07:12","date_gmt":"2025-10-10T15:07:12","guid":{"rendered":"https:\/\/www.europesays.com\/fr\/452779\/"},"modified":"2025-10-10T15:07:12","modified_gmt":"2025-10-10T15:07:12","slug":"la-victime-recroise-par-hasard-son-voleur-la-police-linterpelle","status":"publish","type":"post","link":"https:\/\/www.europesays.com\/fr\/452779\/","title":{"rendered":"la victime recroise par hasard son voleur, la police l\u2019interpelle"},"content":{"rendered":"<p>Une ressortissante suisse a \u00e9t\u00e9 victime d\u2019un vol avec violence de son collier en or, dans la nuit de mardi \u00e0 mercredi, \u00e0 la station de m\u00e9tro Bellecour (Lyon 2e ).<\/p>\n<p>Elle s\u2019appr\u00eatait \u00e0 monter dans une rame avec deux amis lorsqu\u2019un homme lui a bloqu\u00e9 l\u2019acc\u00e8s pour lui arracher sa cha\u00eene. Un complice, en retrait, exhibait un cutter, pour emp\u00eacher que les passants ne portent assistance \u00e0 la victime.<\/p>\n<p>  La chaine retrouv\u00e9e sur le voleur pr\u00e9sum\u00e9<\/p>\n<p>Une victime qui, vers 17\u00a0h\u00a040, mercredi, est tomb\u00e9e nez \u00e0 nez avec son agresseur pr\u00e9sum\u00e9, place Gabriel-P\u00e9ri, dans le quartier de La Guilloti\u00e8re (Lyon 7e ). Elle a imm\u00e9diatement alert\u00e9 des CRS, qui s\u00e9curisaient le secteur. Ces policiers ont interpell\u00e9 l\u2019homme de 22 ans. D\u2019origine marocaine et en situation irr\u00e9guli\u00e8re, il a \u00e9t\u00e9 trouv\u00e9 porteur du collier en or vol\u00e9.<\/p>\n<p>Le deuxi\u00e8me suspect a aussi \u00e9t\u00e9 rep\u00e9r\u00e9 dans les environs, par les amis de la victime et a \u00e9t\u00e9 arr\u00eat\u00e9. Cet Alg\u00e9rien de 17 ans a, comme son complice, reconnu les faits. Il sera jug\u00e9 prochainement. Le majeur a \u00e9t\u00e9 d\u00e9f\u00e9r\u00e9 jeudi devant le parquet de Lyon, en vue d\u2019un proc\u00e8s en comparution imm\u00e9diate.<\/p>\n","protected":false},"excerpt":{"rendered":"Une ressortissante suisse a \u00e9t\u00e9 victime d\u2019un vol avec violence de son collier en or, dans la nuit&hellip;\n","protected":false},"author":2,"featured_media":452780,"comment_status":"","ping_status":"","sticky":false,"template":"","format":"standard","meta":{"footnotes":""},"categories":[1889],"tags":[1111,11,2430,271,272,2757,1777,674,274,1011,27,2428,2756,12,25,2429],"class_list":{"0":"post-452779","1":"post","2":"type-post","3":"status-publish","4":"format-standard","5":"has-post-thumbnail","7":"category-lyon","8":"tag-actu","9":"tag-actualites","10":"tag-auvergne-rhone-alpes","11":"tag-crime","12":"tag-delit-et-contravention","13":"tag-edition-lyon-villeurbanne","14":"tag-eu","15":"tag-europe","16":"tag-faits-divers-justice","17":"tag-fr","18":"tag-france","19":"tag-lyon","20":"tag-lyon-bassin","21":"tag-news","22":"tag-republique-francaise","23":"tag-rhone"},"share_on_mastodon":{"url":"https:\/\/pubeurope.com\/@fr\/115350499904395270","error":""},"_links":{"self":[{"href":"https:\/\/www.europesays.com\/fr\/wp-json\/wp\/v2\/posts\/452779","targetHints":{"allow":["GET"]}}],"collection":[{"href":"https:\/\/www.europesays.com\/fr\/wp-json\/wp\/v2\/posts"}],"about":[{"href":"https:\/\/www.europesays.com\/fr\/wp-json\/wp\/v2\/types\/post"}],"author":[{"embeddable":true,"href":"https:\/\/www.europesays.com\/fr\/wp-json\/wp\/v2\/users\/2"}],"replies":[{"embeddable":true,"href":"https:\/\/www.europesays.com\/fr\/wp-json\/wp\/v2\/comments?post=452779"}],"version-history":[{"count":0,"href":"https:\/\/www.europesays.com\/fr\/wp-json\/wp\/v2\/posts\/452779\/revisions"}],"wp:featuredmedia":[{"embeddable":true,"href":"https:\/\/www.europesays.com\/fr\/wp-json\/wp\/v2\/media\/452780"}],"wp:attachment":[{"href":"https:\/\/www.europesays.com\/fr\/wp-json\/wp\/v2\/media?parent=452779"}],"wp:term":[{"taxonomy":"category","embeddable":true,"href":"https:\/\/www.europesays.com\/fr\/wp-json\/wp\/v2\/categories?post=452779"},{"taxonomy":"post_tag","embeddable":true,"href":"https:\/\/www.europesays.com\/fr\/wp-json\/wp\/v2\/tags?post=452779"}],"curies":[{"name":"wp","href":"https:\/\/api.w.org\/{rel}","templated":true}]}}