{"id":452785,"date":"2025-10-10T15:11:17","date_gmt":"2025-10-10T15:11:17","guid":{"rendered":"https:\/\/www.europesays.com\/fr\/452785\/"},"modified":"2025-10-10T15:11:17","modified_gmt":"2025-10-10T15:11:17","slug":"les-differences-dappreciation-reapparaissent-dans-lintersyndicale","status":"publish","type":"post","link":"https:\/\/www.europesays.com\/fr\/452785\/","title":{"rendered":"les diff\u00e9rences d\u2019appr\u00e9ciation r\u00e9apparaissent dans l\u2019intersyndicale"},"content":{"rendered":"<p>                         <img loading=\"lazy\" decoding=\"async\" src=\"https:\/\/www.europesays.com\/fr\/wp-content\/uploads\/2025\/10\/e02ff2a_upload-1-bcyeqav22iwd-000-77gv4xv.jpg\" alt=\"La secr\u00e9taire g\u00e9n\u00e9rale de la CFDT, Marylise L\u00e9on (au centre) participe \u00e0 une manifestation dans le cadre d\u2019une journ\u00e9e de gr\u00e8ve pour des mesures de \u00ab\u00a0justice sociale\u00a0\u00bb,  \u00e0 Paris, le 2\u00a0octobre\u00a02025.\"   width=\"664\" height=\"443\"\/>    La secr\u00e9taire g\u00e9n\u00e9rale de la CFDT, Marylise L\u00e9on (au centre) participe \u00e0 une manifestation dans le cadre d\u2019une journ\u00e9e de gr\u00e8ve pour des mesures de \u00ab\u00a0justice sociale\u00a0\u00bb,  \u00e0 Paris, le 2\u00a0octobre\u00a02025.  THOMAS SAMSON\/AFP                 <\/p>\n<p class=\"article__paragraph  \">La polyphonie apr\u00e8s le chant \u00e0 l\u2019unisson. Alors que la question des retraites est au c\u0153ur des discussions visant \u00e0 essayer de r\u00e9soudre la crise politique actuelle, les syndicats tiennent des discours divergents sur le dossier. Cette pluralit\u00e9 de points de vue ne date pas d\u2019hier, mais elle r\u00e9appara\u00eet avec plus de nettet\u00e9, depuis quelques jours, \u00e0 la faveur des tractations engag\u00e9es tous azimuts pour sortir de l\u2019impasse. Tout en d\u00e9fendant des doctrines et des strat\u00e9gies qui ne vont pas toujours dans le m\u00eame sens, les principales organisations de salari\u00e9s continuent de r\u00e9fl\u00e9chir ensemble et veulent mettre en valeur ce qui les unit.<\/p>\n<p class=\"article__paragraph  \">S\u2019opposer d\u2019une m\u00eame voix \u00e0 la r\u00e9forme des retraites, il y a deux ans et demi, fut une \u00e9vidence pour les syndicats. Et ils restent toujours autant hostiles \u00e0 la loi du 14\u00a0avril\u00a02023, qui d\u00e9cale progressivement de 62\u00a0ans \u00e0 64\u00a0ans l\u2019\u00e2ge d\u2019ouverture des droits \u00e0 une pension. Leur lutte, qui paraissait infructueuse puisque le texte est entr\u00e9 en vigueur, commence peut-\u00eatre \u00e0 produire ses effets.<\/p>\n<p class=\"article__paragraph  \">Mardi 7\u00a0octobre, l\u2019ex-cheffe du gouvernement, Elisabeth Borne, qui porta la tr\u00e8s controvers\u00e9e r\u00e9forme, s\u2019est d\u00e9clar\u00e9 pr\u00eate \u00e0 envisager l\u2019id\u00e9e que celle-ci soit suspendue. Une main tendue en direction, notamment, du Parti socialiste (PS) et des organisations de travailleurs. Le gel de la loi d\u2019avril\u00a02023 ne correspond, certes, pas \u00e0 leur exigence initiale (abroger la r\u00e8gle des 64\u00a0ans). Mais si un tel sc\u00e9nario se r\u00e9alise, il est susceptible de faciliter un pacte de non-censure avec la formation d\u2019Olivier Faure tout en faisant retomber l\u2019effervescence sociale.<\/p>\n<p class=\"reading-mode-only \"><strong>Il vous reste 69.39% de cet article \u00e0 lire. La suite est r\u00e9serv\u00e9e aux abonn\u00e9s.<\/strong><\/p>\n","protected":false},"excerpt":{"rendered":"La secr\u00e9taire g\u00e9n\u00e9rale de la CFDT, Marylise L\u00e9on (au centre) participe \u00e0 une manifestation dans le cadre d\u2019une&hellip;\n","protected":false},"author":2,"featured_media":452786,"comment_status":"","ping_status":"","sticky":false,"template":"","format":"standard","meta":{"footnotes":""},"categories":[1888],"tags":[1111,1928,11,1927,1777,674,1011,27,12,1926,626,1925,25],"class_list":{"0":"post-452785","1":"post","2":"type-post","3":"status-publish","4":"format-standard","5":"has-post-thumbnail","7":"category-paris","8":"tag-actu","9":"tag-actu-paris","10":"tag-actualites","11":"tag-actualites-paris","12":"tag-eu","13":"tag-europe","14":"tag-fr","15":"tag-france","16":"tag-news","17":"tag-news-paris","18":"tag-paris","19":"tag-paris-news","20":"tag-republique-francaise"},"share_on_mastodon":{"url":"https:\/\/pubeurope.com\/@fr\/115350516178238455","error":""},"_links":{"self":[{"href":"https:\/\/www.europesays.com\/fr\/wp-json\/wp\/v2\/posts\/452785","targetHints":{"allow":["GET"]}}],"collection":[{"href":"https:\/\/www.europesays.com\/fr\/wp-json\/wp\/v2\/posts"}],"about":[{"href":"https:\/\/www.europesays.com\/fr\/wp-json\/wp\/v2\/types\/post"}],"author":[{"embeddable":true,"href":"https:\/\/www.europesays.com\/fr\/wp-json\/wp\/v2\/users\/2"}],"replies":[{"embeddable":true,"href":"https:\/\/www.europesays.com\/fr\/wp-json\/wp\/v2\/comments?post=452785"}],"version-history":[{"count":0,"href":"https:\/\/www.europesays.com\/fr\/wp-json\/wp\/v2\/posts\/452785\/revisions"}],"wp:featuredmedia":[{"embeddable":true,"href":"https:\/\/www.europesays.com\/fr\/wp-json\/wp\/v2\/media\/452786"}],"wp:attachment":[{"href":"https:\/\/www.europesays.com\/fr\/wp-json\/wp\/v2\/media?parent=452785"}],"wp:term":[{"taxonomy":"category","embeddable":true,"href":"https:\/\/www.europesays.com\/fr\/wp-json\/wp\/v2\/categories?post=452785"},{"taxonomy":"post_tag","embeddable":true,"href":"https:\/\/www.europesays.com\/fr\/wp-json\/wp\/v2\/tags?post=452785"}],"curies":[{"name":"wp","href":"https:\/\/api.w.org\/{rel}","templated":true}]}}