{"id":452791,"date":"2025-10-10T15:14:13","date_gmt":"2025-10-10T15:14:13","guid":{"rendered":"https:\/\/www.europesays.com\/fr\/452791\/"},"modified":"2025-10-10T15:14:13","modified_gmt":"2025-10-10T15:14:13","slug":"paris-une-avocate-profane-la-tombe-du-soldat-inconnu-avant-de-mordre-un-policier-au-poignet","status":"publish","type":"post","link":"https:\/\/www.europesays.com\/fr\/452791\/","title":{"rendered":"Paris. Une avocate profane la tombe du Soldat inconnu avant de mordre un policier au poignet"},"content":{"rendered":"<p>En quelques minutes, elle a arrach\u00e9 les fleurs de la tombe du Soldat inconnu, menac\u00e9 de rouler sur un policier et en a mordu un autre\u2026 Une avocate au \u00ab\u00a0\u200acomportement des plus \u00e9tranges\u200a\u00a0\u00bb a \u00e9t\u00e9 arr\u00eat\u00e9e jeudi apr\u00e8s-midi \u00e0 Paris, rapporte <a href=\"https:\/\/www.parismatch.com\/actu\/faits-divers\/info-match-paris-une-avocate-interpellee-apres-avoir-profane-la-tombe-du-soldat-inconnu-258394\" target=\"_blank\" rel=\"nofollow noopener\">Paris Match<\/a>.<\/p>\n<p>Cette femme de 51\u00a0ans a d\u2019abord franchi les cha\u00eenes entourant la <a href=\"https:\/\/www.ledauphine.com\/faits-divers-justice\/2025\/08\/05\/un-homme-allume-sa-cigarette-avec-la-flamme-du-soldat-inconnu-et-cree-l-indignation\" target=\"_blank\" rel=\"noopener\">tombe du Soldat inconnu<\/a>, situ\u00e9e sous l\u2019Arc de triomphe, au bout des Champs-\u00c9lys\u00e9es, raconte le magazine. Elle s\u2019en est alors prise aux gerbes de fleurs d\u00e9pos\u00e9es pr\u00e8s de la s\u00e9pulture rendant hommage aux soldats morts pour la France. Des policiers en patrouille sont rapidement intervenus, provoquant la fuite de l\u2019avocate.<\/p>\n<p>De retour dans son v\u00e9hicule, la quinquag\u00e9naire a menac\u00e9 de rouler sur un des policiers venu se positionner \u00e0 l\u2019avant de la voiture pour l\u2019emp\u00eacher de d\u00e9marrer. Ce qui n\u2019a pas emp\u00each\u00e9 l\u2019avocate d\u2019avancer \u00e0 faible vitesse et de le toucher au niveau des jambes. Extraite de la voiture gr\u00e2ce \u00e0 l\u2019intervention de renforts, elle s\u2019est vivement d\u00e9battue et a m\u00eame mordu un policier au poignet, tout en insultant les forces de l\u2019ordre, pr\u00e9cise Paris Match.<\/p>\n<p>Ce contenu est bloqu\u00e9 car vous n&rsquo;avez pas accept\u00e9 les cookies et autres traceurs.<\/p>\n<p>En cliquant sur \u00ab J\u2019accepte \u00bb, les cookies et autres traceurs seront d\u00e9pos\u00e9s et vous pourrez visualiser les contenus  (<a href=\"\" class=\"consentModule_policy\" target=\"_blank\" title=\"Consulter la politique de protection des donn\u00e9es du fournisseur\">plus d&rsquo;informations<\/a>).<\/p>\n<p>En cliquant sur \u00ab J\u2019accepte tous les cookies \u00bb, vous autorisez des d\u00e9p\u00f4ts de cookies et autres traceurs pour le stockage de vos donn\u00e9es sur nos sites et applications \u00e0 des fins de personnalisation et de ciblage publicitaire.<\/p>\n<p class=\"consentModule_secondaryText\">Vous gardez la possibilit\u00e9 de retirer votre consentement \u00e0 tout moment en consultant notre <a href=\"https:\/\/www.ledauphine.com\/protection-des-donnees\" target=\"_blank\" title=\"Consulter notre politique de protection des donn\u00e9es\" rel=\"noopener\">politique de protection des donn\u00e9es<\/a>. <br \/>&#13;<br \/>\n            <a href=\"https:\/\/www.ledauphine.com\/faits-divers-justice\/2025\/10\/10\/javascript:Didomi.notice.show()\" class=\"consentModule_cmp\" target=\"_blank\" rel=\"noopener\">G\u00e9rer mes choix<\/a>&#13;\n        <\/p>\n<p>&#13;<br \/>\n                        J&rsquo;accepte&#13;<br \/>\n            J&rsquo;accepte tous les cookies&#13;\n        <\/p>\n<p>  Positive aux stup\u00e9fiants<\/p>\n<p>Le test de d\u00e9pistage aux stup\u00e9fiants s\u2019est r\u00e9v\u00e9l\u00e9 positif. Elle a donc \u00e9t\u00e9 admise dans une structure psychiatrique. Rattach\u00e9e au barreau de Meaux (Seine-et-Marne), l\u2019avocate \u00ab\u00a0s\u2019est vue signifier son placement en garde \u00e0 vue, \u00e0 d\u00e9lai diff\u00e9r\u00e9, au regard de son comportement\u00a0\u00bb, explique le magazine. Elle devra r\u00e9pondre de \u00ab\u00a0violation de s\u00e9pulture\u00a0\u00bb, \u00ab\u00a0refus d\u2019obtemp\u00e9rer\u00a0\u00bb, \u00ab\u00a0violences volontaires sur personne d\u00e9positaire de l\u2019autorit\u00e9 publique\u00a0\u00bb, \u00ab\u00a0outrage\u00a0\u00bb, \u00ab\u00a0r\u00e9bellion\u00a0\u00bb et \u00ab\u00a0conduite sous stup\u00e9fiants\u00a0\u00bb.<\/p>\n<p class=\"note\">&gt;&gt; Lire l&rsquo;article de <a href=\"https:\/\/www.parismatch.com\/actu\/faits-divers\/info-match-paris-une-avocate-interpellee-apres-avoir-profane-la-tombe-du-soldat-inconnu-258394\" target=\"_blank\" rel=\"noopener\">Paris Match<\/a>.<\/p>\n","protected":false},"excerpt":{"rendered":"En quelques minutes, elle a arrach\u00e9 les fleurs de la tombe du Soldat inconnu, menac\u00e9 de rouler sur&hellip;\n","protected":false},"author":2,"featured_media":452792,"comment_status":"","ping_status":"","sticky":false,"template":"","format":"standard","meta":{"footnotes":""},"categories":[1888],"tags":[11,271,272,1777,674,274,107,1011,27,329,12,626,25],"class_list":{"0":"post-452791","1":"post","2":"type-post","3":"status-publish","4":"format-standard","5":"has-post-thumbnail","7":"category-paris","8":"tag-actualites","9":"tag-crime","10":"tag-delit-et-contravention","11":"tag-eu","12":"tag-europe","13":"tag-faits-divers-justice","14":"tag-fil-info","15":"tag-fr","16":"tag-france","17":"tag-france-monde","18":"tag-news","19":"tag-paris","20":"tag-republique-francaise"},"share_on_mastodon":{"url":"https:\/\/pubeurope.com\/@fr\/115350527710113482","error":""},"_links":{"self":[{"href":"https:\/\/www.europesays.com\/fr\/wp-json\/wp\/v2\/posts\/452791","targetHints":{"allow":["GET"]}}],"collection":[{"href":"https:\/\/www.europesays.com\/fr\/wp-json\/wp\/v2\/posts"}],"about":[{"href":"https:\/\/www.europesays.com\/fr\/wp-json\/wp\/v2\/types\/post"}],"author":[{"embeddable":true,"href":"https:\/\/www.europesays.com\/fr\/wp-json\/wp\/v2\/users\/2"}],"replies":[{"embeddable":true,"href":"https:\/\/www.europesays.com\/fr\/wp-json\/wp\/v2\/comments?post=452791"}],"version-history":[{"count":0,"href":"https:\/\/www.europesays.com\/fr\/wp-json\/wp\/v2\/posts\/452791\/revisions"}],"wp:featuredmedia":[{"embeddable":true,"href":"https:\/\/www.europesays.com\/fr\/wp-json\/wp\/v2\/media\/452792"}],"wp:attachment":[{"href":"https:\/\/www.europesays.com\/fr\/wp-json\/wp\/v2\/media?parent=452791"}],"wp:term":[{"taxonomy":"category","embeddable":true,"href":"https:\/\/www.europesays.com\/fr\/wp-json\/wp\/v2\/categories?post=452791"},{"taxonomy":"post_tag","embeddable":true,"href":"https:\/\/www.europesays.com\/fr\/wp-json\/wp\/v2\/tags?post=452791"}],"curies":[{"name":"wp","href":"https:\/\/api.w.org\/{rel}","templated":true}]}}