{"id":452793,"date":"2025-10-10T15:15:11","date_gmt":"2025-10-10T15:15:11","guid":{"rendered":"https:\/\/www.europesays.com\/fr\/452793\/"},"modified":"2025-10-10T15:15:11","modified_gmt":"2025-10-10T15:15:11","slug":"vers-un-accord-pour-la-protection-des-investissements","status":"publish","type":"post","link":"https:\/\/www.europesays.com\/fr\/452793\/","title":{"rendered":"Vers un accord pour la protection des investissements"},"content":{"rendered":"<p>La Russie envisage de signer un accord de protection des investissements avec le Maroc, comme le rapportent <a href=\"https:\/\/www.economy.gov.ru\/material\/news\/rossiya_planiruet_narastit_tovarooborot_so_stranami_afriki_v_2_raza.html\" target=\"_blank\" rel=\"nofollow noopener\">les m\u00e9dias de Moscou<\/a>. Cette annonce a \u00e9t\u00e9 faite par Pavel Kalmychek, directeur du D\u00e9partement du d\u00e9veloppement de la coop\u00e9ration bilat\u00e9rale au minist\u00e8re russe du D\u00e9veloppement \u00e9conomique, lors d\u2019un forum \u00e9conomique organis\u00e9 cette semaine dans la capitale russe.<\/p>\n<p>Le Maroc figure sur une liste incluant la R\u00e9publique du Congo, le Mali, le Nig\u00e9ria, la Tanzanie et le Burkina Faso, a pr\u00e9cis\u00e9 le responsable russe. Ces accords visent \u00e0 doubler le volume des \u00e9changes commerciaux avec les nations africaines, a-t-il ajout\u00e9.<\/p>\n<p>Pour rappel, en ao\u00fbt 2023, le pr\u00e9sident Vladimir Poutine avait int\u00e9gr\u00e9 le Maroc, aux c\u00f4t\u00e9s de l\u2019Alg\u00e9rie, de l\u2019\u00c9gypte et de la Tunisie, <a href=\"https:\/\/www.yabiladi.com\/articles\/details\/141708\/russie-integre-maroc-dans-zone.html\" target=\"_blank\" rel=\"nofollow noopener\">dans son projet<\/a> de cr\u00e9ation d\u2019une zone de libre-\u00e9change avec les pays d\u2019Afrique du Nord. Quelques mois apr\u00e8s ces annonces, Yuri Ouchakov, conseiller de Poutine pour les affaires internationales, avait r\u00e9v\u00e9l\u00e9 que le royaume manifestait de l\u2019int\u00e9r\u00eat pour <a href=\"https:\/\/www.yabiladi.com\/articles\/details\/141708\/russie-integre-maroc-dans-zone.html\" target=\"_blank\" rel=\"nofollow noopener\">une adh\u00e9sion au bloc des BRICS<\/a>.<\/p>\n<p>Rabat et Moscou travaillent actuellement \u00e0 l\u2019\u00e9laboration de l\u2019agenda de la VIIIe Commission mixte. Ce sujet a \u00e9t\u00e9 abord\u00e9 lors de <a href=\"https:\/\/www.yabiladi.com\/articles\/details\/176008\/bourita-s-entretient-avec-lavrov-l-approche.html\" target=\"_blank\" rel=\"nofollow noopener\">l\u2019entretien t\u00e9l\u00e9phonique<\/a> du 9 septembre entre Nasser Bourita et Sergue\u00ef Lavrov. Le Maroc et la Russie avaient d\u00e9j\u00e0 sign\u00e9 un accord de partenariat strat\u00e9gique en 2002, renforc\u00e9 en 2016 par la D\u00e9claration sur le Partenariat Strat\u00e9gique Approfondi, lors de la visite du roi Mohammed VI \u00e0 Moscou.<\/p>\n","protected":false},"excerpt":{"rendered":"La Russie envisage de signer un accord de protection des investissements avec le Maroc, comme le rapportent les&hellip;\n","protected":false},"author":2,"featured_media":452794,"comment_status":"","ping_status":"","sticky":false,"template":"","format":"standard","meta":{"footnotes":""},"categories":[1591],"tags":[11,1887,12,1885,1886,132],"class_list":{"0":"post-452793","1":"post","2":"type-post","3":"status-publish","4":"format-standard","5":"has-post-thumbnail","7":"category-russie","8":"tag-actualites","9":"tag-federation-de-russie","10":"tag-news","11":"tag-russia","12":"tag-russian-federation","13":"tag-russie"},"share_on_mastodon":{"url":"https:\/\/pubeurope.com\/@fr\/115350531249533579","error":""},"_links":{"self":[{"href":"https:\/\/www.europesays.com\/fr\/wp-json\/wp\/v2\/posts\/452793","targetHints":{"allow":["GET"]}}],"collection":[{"href":"https:\/\/www.europesays.com\/fr\/wp-json\/wp\/v2\/posts"}],"about":[{"href":"https:\/\/www.europesays.com\/fr\/wp-json\/wp\/v2\/types\/post"}],"author":[{"embeddable":true,"href":"https:\/\/www.europesays.com\/fr\/wp-json\/wp\/v2\/users\/2"}],"replies":[{"embeddable":true,"href":"https:\/\/www.europesays.com\/fr\/wp-json\/wp\/v2\/comments?post=452793"}],"version-history":[{"count":0,"href":"https:\/\/www.europesays.com\/fr\/wp-json\/wp\/v2\/posts\/452793\/revisions"}],"wp:featuredmedia":[{"embeddable":true,"href":"https:\/\/www.europesays.com\/fr\/wp-json\/wp\/v2\/media\/452794"}],"wp:attachment":[{"href":"https:\/\/www.europesays.com\/fr\/wp-json\/wp\/v2\/media?parent=452793"}],"wp:term":[{"taxonomy":"category","embeddable":true,"href":"https:\/\/www.europesays.com\/fr\/wp-json\/wp\/v2\/categories?post=452793"},{"taxonomy":"post_tag","embeddable":true,"href":"https:\/\/www.europesays.com\/fr\/wp-json\/wp\/v2\/tags?post=452793"}],"curies":[{"name":"wp","href":"https:\/\/api.w.org\/{rel}","templated":true}]}}