{"id":452799,"date":"2025-10-10T15:18:10","date_gmt":"2025-10-10T15:18:10","guid":{"rendered":"https:\/\/www.europesays.com\/fr\/452799\/"},"modified":"2025-10-10T15:18:10","modified_gmt":"2025-10-10T15:18:10","slug":"la-justice-condamne-un-migrant-qui-avait-menace-de-mort-nigel-farage","status":"publish","type":"post","link":"https:\/\/www.europesays.com\/fr\/452799\/","title":{"rendered":"la justice condamne un migrant qui avait menac\u00e9 de mort Nigel Farage"},"content":{"rendered":"<p>\n    Ces vid\u00e9os avaient attir\u00e9 l\u2019attention de Nigel Farage, qui en avait partag\u00e9 une sur le r\u00e9seau social YouTube le 12 octobre 2024, pour d\u00e9noncer \u00ables hommes jeunes en \u00e2ge de combattre qui viennent dans notre pays et \u00e0 propos desquels on ne sait que peu de choses\u00bb.<\/p>\n<p class=\"fig-paragraph\">Un migrant afghan qui avait menac\u00e9 de mort le chef du parti de droite Reform UK\u00a0<a href=\"https:\/\/www.lefigaro.fr\/tag\/nigel-farage\" target=\"_blank\" rel=\"sponsored noopener nofollow\" data-gtm-custom-categorie=\"navigation\" data-gtm-custom-action=\"crossclick\" data-gtm-custom-label=\"Contextuel\" data-gtm-event=\"customEventSPE\">Nigel Farage<\/a>\u00a0sur le r\u00e9seau social TikTok, a \u00e9t\u00e9 jug\u00e9 coupable vendredi par la justice britannique. Fayaz Khan, \u00e2g\u00e9 de 26 ans, avait publi\u00e9 \u00e0 l&rsquo;automne 2024 plusieurs vid\u00e9os sur ses tentatives de gagner le Royaume-Uni en traversant ill\u00e9galement la Manche sur un petit bateau.<\/p>\n<p class=\"fig-paragraph\">Ces vid\u00e9os avaient attir\u00e9 l&rsquo;attention de Nigel Farage, qui en avait partag\u00e9 une sur le r\u00e9seau social YouTube le 12 octobre 2024, pour d\u00e9noncer \u00ables hommes jeunes en \u00e2ge de combattre qui viennent dans notre pays et \u00e0 propos desquels on ne sait que peu de choses\u00bb. En r\u00e9ponse, Fayaz Khan avait publi\u00e9 une nouvelle vid\u00e9o deux jours plus tard, dans laquelle il mena\u00e7ait de mort le chef du parti d&rsquo;extr\u00eame droite. Vendredi, \u00e0 l&rsquo;issue de son proc\u00e8s devant la cour criminelle de Southwark \u00e0 Londres, un jury l&rsquo;a reconnu coupable.<\/p>\n<p>                                    <a class=\"fig-a11y-skip a11y-hidden\" href=\"#fig-a11y-skip-main-inarticle\"><br \/>\n        Passer la publicit\u00e9<br \/>\n    <\/a><\/p>\n<p>\u00abJe vais te pop, pop, pop\u00bb<\/p>\n<p class=\"fig-paragraph\">Fayaz Khan, qui avait plaid\u00e9 non coupable, conna\u00eetra sa peine lors d&rsquo;une prochaine audience. Dans sa vid\u00e9o, Fayaz Khan avait affirm\u00e9: \u00abNigel l&rsquo;Anglais, ne dis pas n&rsquo;importe quoi sur moi. Tu ne me connais pas. Je viens en Angleterre parce que je veux me marier avec ta s\u0153ur\u00bb. Et il ajoutait \u00abje vais te pop, pop, pop\u00bb en faisant, avec sa main, le geste d&rsquo;un pistolet point\u00e9 vers sa t\u00eate.<\/p>\n<p class=\"fig-paragraph\">Il avait ensuite r\u00e9ussi \u00e0 rejoindre le Royaume-Uni depuis la France, avant d&rsquo;\u00eatre arr\u00eat\u00e9 le 31 octobre 2024 par la police britannique. Nigel Farage, dont le parti de droite est en t\u00eate des sondages d&rsquo;opinion, \u00e9tait venu t\u00e9moigner mardi au proc\u00e8s. Il avait affirm\u00e9 que cette vid\u00e9o l&rsquo;avait rendu \u00abvraiment inquiet\u00bb.<\/p>\n","protected":false},"excerpt":{"rendered":"Ces vid\u00e9os avaient attir\u00e9 l\u2019attention de Nigel Farage, qui en avait partag\u00e9 une sur le r\u00e9seau social YouTube&hellip;\n","protected":false},"author":2,"featured_media":452800,"comment_status":"","ping_status":"","sticky":false,"template":"","format":"standard","meta":{"footnotes":""},"categories":[1588],"tags":[11,1777,674,7775,1251,12,10669,473,1853,1851,1850,1852],"class_list":{"0":"post-452799","1":"post","2":"type-post","3":"status-publish","4":"format-standard","5":"has-post-thumbnail","7":"category-royaume-uni","8":"tag-actualites","9":"tag-eu","10":"tag-europe","11":"tag-menaces-de-mort","12":"tag-migrants","13":"tag-news","14":"tag-nigel-farage","15":"tag-royaume-uni","16":"tag-royaume-uni-de-grande-bretagne-et-dirlande-du-nord","17":"tag-uk","18":"tag-united-kingdom","19":"tag-united-kingdom-of-great-britain-and-northern-ireland"},"share_on_mastodon":{"url":"https:\/\/pubeurope.com\/@fr\/115350543043515251","error":""},"_links":{"self":[{"href":"https:\/\/www.europesays.com\/fr\/wp-json\/wp\/v2\/posts\/452799","targetHints":{"allow":["GET"]}}],"collection":[{"href":"https:\/\/www.europesays.com\/fr\/wp-json\/wp\/v2\/posts"}],"about":[{"href":"https:\/\/www.europesays.com\/fr\/wp-json\/wp\/v2\/types\/post"}],"author":[{"embeddable":true,"href":"https:\/\/www.europesays.com\/fr\/wp-json\/wp\/v2\/users\/2"}],"replies":[{"embeddable":true,"href":"https:\/\/www.europesays.com\/fr\/wp-json\/wp\/v2\/comments?post=452799"}],"version-history":[{"count":0,"href":"https:\/\/www.europesays.com\/fr\/wp-json\/wp\/v2\/posts\/452799\/revisions"}],"wp:featuredmedia":[{"embeddable":true,"href":"https:\/\/www.europesays.com\/fr\/wp-json\/wp\/v2\/media\/452800"}],"wp:attachment":[{"href":"https:\/\/www.europesays.com\/fr\/wp-json\/wp\/v2\/media?parent=452799"}],"wp:term":[{"taxonomy":"category","embeddable":true,"href":"https:\/\/www.europesays.com\/fr\/wp-json\/wp\/v2\/categories?post=452799"},{"taxonomy":"post_tag","embeddable":true,"href":"https:\/\/www.europesays.com\/fr\/wp-json\/wp\/v2\/tags?post=452799"}],"curies":[{"name":"wp","href":"https:\/\/api.w.org\/{rel}","templated":true}]}}