{"id":452812,"date":"2025-10-10T15:27:11","date_gmt":"2025-10-10T15:27:11","guid":{"rendered":"https:\/\/www.europesays.com\/fr\/452812\/"},"modified":"2025-10-10T15:27:11","modified_gmt":"2025-10-10T15:27:11","slug":"apres-la-mise-a-pied-de-nicolas-nadau-grenoble-officialise-larrivee-de-jeff-dubois-a-la-tete-du-staff-lequipe","status":"publish","type":"post","link":"https:\/\/www.europesays.com\/fr\/452812\/","title":{"rendered":"Apr\u00e8s la mise \u00e0 pied de Nicolas Nadau, Grenoble officialise l&#039;arriv\u00e9e de Jeff Dubois \u00e0 la t\u00eate du staff &#8211; L&#039;\u00c9quipe"},"content":{"rendered":"<ol>\n<li><a href=\"https:\/\/news.google.com\/rss\/articles\/CBMi5AFBVV95cUxQbGpiczNnRjFaVDVsT0VldHVOekpFd1BSbGpwUWh6QVpYX2t6XzJPSm1iZzZVMkZZT2t0Z3FHTFVDRXpPVWVIaWc4Y19vdXhuaFpKak9vTFlXdTlOLWRlLTN3elZOUzFPWThCTlBzd0xvdDRMcGY4OUVEa2xmNTBldUstUVd4aVdwWnZkeGpKR1pvSUE4Q1Z5ajN4TGFaVWNPVlRCVnJJUmJwcHR0Wm9tQVgxOVd1MVlPSXdQTDNwblM2T01GbWxfc3d3NGlsWFFYaGg2NlhvSktZOE14WG14dnQ1Wmw?oc=5\" target=\"_blank\" rel=\"nofollow noopener\">Apr\u00e8s la mise \u00e0 pied de Nicolas Nadau, Grenoble officialise l&rsquo;arriv\u00e9e de Jeff Dubois \u00e0 la t\u00eate du staff<\/a>&nbsp;&nbsp;L&rsquo;\u00c9quipe<\/li>\n<li><a href=\"https:\/\/news.google.com\/rss\/articles\/CBMizAFBVV95cUxOR01aVE9QMjZ2Nk9RN3FiVEJtUlM1X1YzdXlPbzBOcEtiSWdBNkRsaWVUTjJPYjdlX0R3RGVLbGJYRUQwbWV6ZjFFZlc1Q0w0cEZUOG5RTWxzdzBqTXVLX2xENVNES2N4bXdWU2pENzNzRGk0d1BCLTJTV29IUVpmaDBzeXNoejdkUzl6d2ZmYkJrcTF2LWRZd0ZrQzdGdGxlaUlKTC02RmtVSkVQY3ZUN0g5Tjczc1JxOXBPSTRIa1ZYRDhKR1Y1d0ZxRVY?oc=5\" target=\"_blank\" rel=\"nofollow noopener\">\u00ab\u00a0B\u00e2tir sur ce qui a d\u00e9j\u00e0 \u00e9t\u00e9 bien fait par Nadau\u00a0\u00bb avoue Dubois, nouvel entra\u00eeneur en chef du FCG<\/a>&nbsp;&nbsp;Rugbyrama<\/li>\n<li><a href=\"https:\/\/news.google.com\/rss\/articles\/CBMi0gFBVV95cUxNZDBLWnBvcjV5LTdneGNxUlpsSjA4R1VpQ0VZbUp2UVhvTjJZS1g3dUQwcy0zb1R1RTc0RVljaHRndDZiejNhZWZvVzRXOVltSndKa1ByajFkNG1yOWM1SjFnelBMTUdJVEczclp6VTBSMHQ2cHdiTnE0NHVSZWpSRUhJRTZDblRJajN4Vkhqb3M4WGkyb0hPU2FrUml4dVBvTkFkS3BBTjMteWt2UU1FZHJCdHNVNUc4Y3RTZGNEZXJHRllPMXZySUktY3UwN2F4YUE?oc=5\" target=\"_blank\" rel=\"nofollow noopener\">Rugby &#8211; Pro D2. Le FCG a trouv\u00e9 son premier joker m\u00e9dical, le rempla\u00e7ant de Nicolas Nadau annonc\u00e9 ce vendredi ?<\/a>&nbsp;&nbsp;Le Dauphin\u00e9 Lib\u00e9r\u00e9<\/li>\n<li><a href=\"https:\/\/news.google.com\/rss\/articles\/CBMi1AFBVV95cUxNRnFBeDhMUWVsLWhwTWlISUE1Wm5ELWFNVi1OdzhNUVJKY0NreW9yeXlUaUFhak5OYURSZER2dEIwbnNkdFlhbEJmeWRxdVo0aGg2Rkp4ZzlJaDh0SHp4V195TW9idnplNmFvMmJFX1NaWjBGNi1mSlIyc3dVS09HaHRMRUQzbFlaSmdqaktNYVV5ZWZXUUdqWWxmR1dPVGViSFdmQ25UXzdHbHRUeFc2Vm9Lb2JOZVF3b0Z0VkpNdXE4UVZfZWdJSEwtT3VJeXRGZzluag?oc=5\" target=\"_blank\" rel=\"nofollow noopener\">ProD2: Nadau licenci\u00e9 par Grenoble apr\u00e8s ses propos contre le m\u00e9decin du club<\/a>&nbsp;&nbsp;RMC Sport<\/li>\n<li><a href=\"https:\/\/news.google.com\/rss\/articles\/CBMi8wFBVV95cUxNZzdqVG1BdkRLOEY3YmsyN1ByY0lWenBTSENXNzhrdUVDLTVCZ0RiUzJXcXU0a3NhRUMyXzdraGdmNGRGZTRKSnItRjJUV25kVFhtVUl0VGZlTjl4RTJjSWQ3VTBsTWNOWHEtQWRBR2pSZi1Tc21LaEVDWFlBUGtGcXZTdlpNZTBCd0V5ZnQ2Mnp5TGR4V1hUOF91LVhUMjhRRUxOc1g1LU9NOThjd0RCekVSMXFOT0NZMW0wZDFZZlhyOUZsenM2T1AtZXkzV015c1JFbFRRSkRtNjVCQVNFRU1wdXVWZ0FlU0lpRW9mRjVaTGM?oc=5\" target=\"_blank\" rel=\"nofollow noopener\">\u00ab INFO SUD OUEST \u00bb. Pro D2 : Jeff Dubois en pole position pour devenir entra\u00eeneur des trois-quarts du FC Grenoble<\/a>&nbsp;&nbsp;Sud Ouest<\/li>\n<\/ol>\n","protected":false},"excerpt":{"rendered":"Apr\u00e8s la mise \u00e0 pied de Nicolas Nadau, Grenoble officialise l&rsquo;arriv\u00e9e de Jeff Dubois \u00e0 la t\u00eate du&hellip;\n","protected":false},"author":2,"featured_media":452813,"comment_status":"","ping_status":"","sticky":false,"template":"","format":"standard","meta":{"footnotes":""},"categories":[1416],"tags":[1011,27,479,1468,60],"class_list":{"0":"post-452812","1":"post","2":"type-post","3":"status-publish","4":"format-standard","5":"has-post-thumbnail","7":"category-rugby","8":"tag-fr","9":"tag-france","10":"tag-rugby","11":"tag-rugby-football","12":"tag-sports"},"share_on_mastodon":{"url":"https:\/\/pubeurope.com\/@fr\/115350578403461259","error":""},"_links":{"self":[{"href":"https:\/\/www.europesays.com\/fr\/wp-json\/wp\/v2\/posts\/452812","targetHints":{"allow":["GET"]}}],"collection":[{"href":"https:\/\/www.europesays.com\/fr\/wp-json\/wp\/v2\/posts"}],"about":[{"href":"https:\/\/www.europesays.com\/fr\/wp-json\/wp\/v2\/types\/post"}],"author":[{"embeddable":true,"href":"https:\/\/www.europesays.com\/fr\/wp-json\/wp\/v2\/users\/2"}],"replies":[{"embeddable":true,"href":"https:\/\/www.europesays.com\/fr\/wp-json\/wp\/v2\/comments?post=452812"}],"version-history":[{"count":0,"href":"https:\/\/www.europesays.com\/fr\/wp-json\/wp\/v2\/posts\/452812\/revisions"}],"wp:featuredmedia":[{"embeddable":true,"href":"https:\/\/www.europesays.com\/fr\/wp-json\/wp\/v2\/media\/452813"}],"wp:attachment":[{"href":"https:\/\/www.europesays.com\/fr\/wp-json\/wp\/v2\/media?parent=452812"}],"wp:term":[{"taxonomy":"category","embeddable":true,"href":"https:\/\/www.europesays.com\/fr\/wp-json\/wp\/v2\/categories?post=452812"},{"taxonomy":"post_tag","embeddable":true,"href":"https:\/\/www.europesays.com\/fr\/wp-json\/wp\/v2\/tags?post=452812"}],"curies":[{"name":"wp","href":"https:\/\/api.w.org\/{rel}","templated":true}]}}